{"id":2033,"date":"2021-10-20T18:00:11","date_gmt":"2021-10-20T15:00:11","guid":{"rendered":"https:\/\/himmelblau.fi\/?p=2033"},"modified":"2021-10-20T18:01:39","modified_gmt":"2021-10-20T15:01:39","slug":"galleria-himmelblaussa-kuvataiteilija-ari-pelkosen-teoksia-22-10-alkaen","status":"publish","type":"post","link":"https:\/\/himmelblau.fi\/en\/galleria-himmelblaussa-kuvataiteilija-ari-pelkosen-teoksia-22-10-alkaen\/","title":{"rendered":"Galleria Himmelblaussa kuvataiteilija Ari Pelkosen teoksia 22.10. alkaen"},"content":{"rendered":"<div class=\"gmail_quote\">\n<div dir=\"ltr\">\n<p dir=\"ltr\"><img loading=\"lazy\" decoding=\"async\" class=\"alignright size-medium wp-image-2035\" src=\"https:\/\/himmelblau.fi\/wp-content\/uploads\/Ari-Pelkonen-Himmelblau-Still-Life-390x500.jpg\" alt=\"\" width=\"390\" height=\"500\" srcset=\"https:\/\/himmelblau.fi\/wp-content\/uploads\/Ari-Pelkonen-Himmelblau-Still-Life-390x500.jpg 390w, https:\/\/himmelblau.fi\/wp-content\/uploads\/Ari-Pelkonen-Himmelblau-Still-Life-768x984.jpg 768w, https:\/\/himmelblau.fi\/wp-content\/uploads\/Ari-Pelkonen-Himmelblau-Still-Life-750x961.jpg 750w, https:\/\/himmelblau.fi\/wp-content\/uploads\/Ari-Pelkonen-Himmelblau-Still-Life-400x513.jpg 400w, https:\/\/himmelblau.fi\/wp-content\/uploads\/Ari-Pelkonen-Himmelblau-Still-Life-430x551.jpg 430w, https:\/\/himmelblau.fi\/wp-content\/uploads\/Ari-Pelkonen-Himmelblau-Still-Life-150x192.jpg 150w, https:\/\/himmelblau.fi\/wp-content\/uploads\/Ari-Pelkonen-Himmelblau-Still-Life-100x128.jpg 100w, https:\/\/himmelblau.fi\/wp-content\/uploads\/Ari-Pelkonen-Himmelblau-Still-Life.jpg 800w\" sizes=\"(max-width: 390px) 100vw, 390px\" \/>Galleria Himmelblaussa n\u00e4hd\u00e4\u00e4n kuvataiteilija Ari Pelkosen teoksia 22.10. avautuvassa n\u00e4yttelyss\u00e4. Suuri yleis\u00f6 tuntee Pelkosen Vuoden nuorena taiteilijana (2012).<\/p>\n<p dir=\"ltr\"><strong>Ari Pelkonen<br \/>\n<\/strong><strong>Still Life<br \/>\n<\/strong><strong>22.10.\u201328.11.2021<br \/>\n<\/strong><strong>Galleria Himmelblau<\/strong><\/p>\n<p dir=\"ltr\">Ari Pelkonen (s.1978) on helsinkil\u00e4inen kuvataiteilija ja taidegraafikko. Pelkosen taiteellinen ty\u00f6skentely linkittyy painetun taiteen kentt\u00e4\u00e4n. Pelkosen ty\u00f6skentelyn keskeinen kysymys on, mit\u00e4 taidegrafiikka ja painettu taide ovat t\u00e4ss\u00e4 ajassa. Still Life on Pelkosen toinen yksityisn\u00e4yttely Galleria Himmelblaussa.<\/p>\n<p dir=\"ltr\">Ari Pelkosen omakohtaisten, henkil\u00f6historiasta ja el\u00e4m\u00e4st\u00e4 kumpuavien aiheiden ja teemojen ohella, erilaiset painetun kuvan menetelm\u00e4t ja materiaalit sek\u00e4 niiden k\u00e4ytt\u00f6mahdollisuuksien tutkiminen, ovat t\u00e4rke\u00e4ss\u00e4 osassa Pelkosen taiteellista ty\u00f6skentely\u00e4. Pelkosen aikaisemmissa teoksissa traditionaaliset kohopainotekniikat, maalaus, liikkuva kuva ja kolmiulotteisuus ovat kaikki olleet keinoja tutustua, hahmottaa sek\u00e4 laajentaa k\u00e4sityst\u00e4 painetun taiteen kent\u00e4st\u00e4.<\/p>\n<p dir=\"ltr\">Ari Pelkosen teoksia on viimeksi ollut esill\u00e4 muun muassa kes\u00e4n 2021 M\u00e4nt\u00e4n Kuvateideviikoilla, Viron Kuvataideakatemian EKA Galleriassa, Haugesundin Billedgalleriassa Norjassa sek\u00e4 Jyv\u00e4skyl\u00e4n taidemuseossa. H\u00e4nen n\u00e4yttelyj\u00e4 on lis\u00e4ksi ollut muun muassa Galleria AMAssa Helsingiss\u00e4, Galleria Forum Boxissa Helsingiss\u00e4, Aboa Vetus &amp; Ars Novassa Turussa.<\/p>\n<p dir=\"ltr\">Ari Pelkosen teoksia on muun muassa Nykytaiteenmuseo Kiasman, Saastamoisen s\u00e4\u00e4ti\u00f6n, Paulon s\u00e4\u00e4ti\u00f6n, Jenny ja Antti Wihurin rahaston kokoelmissa. Pelkonen on vuoden 2012 Vuoden nuori taiteilija.<\/p>\n<p dir=\"ltr\">Ari Pelkonen on tavattavissa n\u00e4yttelyns\u00e4 yhteydess\u00e4 lauantaina 23.10. kello 12-16.<\/p>\n<p dir=\"ltr\"><strong>Lis\u00e4tietoja<\/strong><\/p>\n<p dir=\"ltr\">Pertti Ketonen<br \/>\n<a href=\"mailto:pertti.ketonen@himmelblau.fi\" target=\"_blank\" rel=\"noopener\">pertti.ketonen@himmelblau.fi<\/a> \/ 0500 625 564<\/p>\n<p dir=\"ltr\">Galleria Himmelblau<br \/>\nFinlaysoninkuja 9 kerros 2B<br \/>\nFinlaysonin alue, Tampere<br \/>\nAvoinna ke\u2013pe 11\u201318, la\u2013su 12\u201316.<br \/>\nEsteet\u00f6n. Vapaa p\u00e4\u00e4sy.<\/p>\n<\/div>\n<\/div>\n","protected":false},"excerpt":{"rendered":"<p>Galleria Himmelblaussa n\u00e4hd\u00e4\u00e4n kuvataiteilija Ari Pelkosen teoksia 22.10. avautuvassa n\u00e4yttelyss\u00e4. Suuri yleis\u00f6 tuntee Pelkosen Vuoden nuorena taiteilijana (2012). Ari Pelkonen Still Life 22.10.\u201328.11.2021 Galleria Himmelblau Ari Pelkonen (s.1978) on helsinkil\u00e4inen [&hellip;]<\/p>\n","protected":false},"author":1,"featured_media":0,"comment_status":"closed","ping_status":"closed","sticky":false,"template":"","format":"standard","meta":{"_acf_changed":false,"_et_pb_use_builder":"","_et_pb_old_content":"","_et_gb_content_width":"","_exactmetrics_skip_tracking":false,"_exactmetrics_sitenote_active":false,"_exactmetrics_sitenote_note":"","_exactmetrics_sitenote_category":0,"footnotes":""},"categories":[7],"tags":[],"class_list":["post-2033","post","type-post","status-publish","format-standard","hentry","category-uutinen"],"acf":[],"_links":{"self":[{"href":"https:\/\/himmelblau.fi\/en\/wp-json\/wp\/v2\/posts\/2033","targetHints":{"allow":["GET"]}}],"collection":[{"href":"https:\/\/himmelblau.fi\/en\/wp-json\/wp\/v2\/posts"}],"about":[{"href":"https:\/\/himmelblau.fi\/en\/wp-json\/wp\/v2\/types\/post"}],"author":[{"embeddable":true,"href":"https:\/\/himmelblau.fi\/en\/wp-json\/wp\/v2\/users\/1"}],"replies":[{"embeddable":true,"href":"https:\/\/himmelblau.fi\/en\/wp-json\/wp\/v2\/comments?post=2033"}],"version-history":[{"count":2,"href":"https:\/\/himmelblau.fi\/en\/wp-json\/wp\/v2\/posts\/2033\/revisions"}],"predecessor-version":[{"id":2037,"href":"https:\/\/himmelblau.fi\/en\/wp-json\/wp\/v2\/posts\/2033\/revisions\/2037"}],"wp:attachment":[{"href":"https:\/\/himmelblau.fi\/en\/wp-json\/wp\/v2\/media?parent=2033"}],"wp:term":[{"taxonomy":"category","embeddable":true,"href":"https:\/\/himmelblau.fi\/en\/wp-json\/wp\/v2\/categories?post=2033"},{"taxonomy":"post_tag","embeddable":true,"href":"https:\/\/himmelblau.fi\/en\/wp-json\/wp\/v2\/tags?post=2033"}],"curies":[{"name":"wp","href":"https:\/\/api.w.org\/{rel}","templated":true}]}}