{"id":2117,"date":"2021-12-29T16:51:47","date_gmt":"2021-12-29T14:51:47","guid":{"rendered":"https:\/\/himmelblau.fi\/?p=2117"},"modified":"2021-12-29T16:52:15","modified_gmt":"2021-12-29T14:52:15","slug":"keita-olivat-historian-ylaosattomat-naiset-livelahetys","status":"publish","type":"post","link":"https:\/\/himmelblau.fi\/en\/keita-olivat-historian-ylaosattomat-naiset-livelahetys\/","title":{"rendered":"Keit\u00e4 olivat historian yl\u00e4osattomat naiset? -livel\u00e4hetys"},"content":{"rendered":"<div class=\"gmail-cxmmr5t8 gmail-oygrvhab gmail-hcukyx3x gmail-c1et5uql gmail-o9v6fnle\">Keskustelutilaisuus on muutettu koronarajoitusten my\u00f6t\u00e4 livel\u00e4hetykseksi, joka on n\u00e4ht\u00e4viss\u00e4 Grafiikanpaja <a href=\"https:\/\/www.facebook.com\/HimmelblauArt\" target=\"_blank\" rel=\"noopener\">Himmelblaun Facebook-sivujen<\/a> kautta.<\/div>\n<div><\/div>\n<div class=\"gmail-cxmmr5t8 gmail-oygrvhab gmail-hcukyx3x gmail-c1et5uql gmail-o9v6fnle\">Galleria Himmelblaun Rinnat -n\u00e4yttelyn kokoajan <strong>Anne V\u00e4linoron<\/strong> kanssa aiheesta keskustelevat FT<strong> Jaakkojuhani Peltonen<\/strong> ja historioitsija, lehtori <strong>Ville Vuolanto<\/strong> Tampereen yliopistosta.\u00a0Tilaisuuden on j\u00e4rjest\u00e4nyt ja tuottanut Anne V\u00e4linoro Kulttuurin Perikunta ry:st\u00e4. H\u00e4n my\u00f6s juontaa tilaisuuden ja toimii haastattelijana. Tilat tarjoaa Galleria Himmelblau.\u00a0Tilaisuus l\u00e4hetet\u00e4\u00e4n liven\u00e4 keskiviikkona 5.1.2022 klo 16.30-17.45 Himmelblaun n\u00e4yttelytila Kutomo-salista ja on katsottavissa\u00a0<a href=\"https:\/\/www.facebook.com\/HimmelblauArt\" target=\"_blank\" rel=\"noopener\">Himmelblaun Facebook-sivulta<\/a>.\u00a0Tauolla <strong>Tuija Kervinen<\/strong> lukee eroottisen novellinsa. Novelleja on myynniss\u00e4 galleriassa.\u00a0Klo 18\u201318.40 on mahdollista n\u00e4hd\u00e4 my\u00f6s Anne V\u00e4linoron Kasvokkain-monologi.<\/div>\n<div><\/div>\n<div class=\"gmail-cxmmr5t8 gmail-oygrvhab gmail-hcukyx3x gmail-c1et5uql gmail-o9v6fnle\">Antiikin naiset saivat paljastaa rintansa my\u00f6s muulloin, kuin imett\u00e4ess\u00e4\u00e4n. T\u00e4n\u00e4 p\u00e4iv\u00e4n\u00e4 yl\u00e4osattomuus on rinta-aktivistien lempiaihe.\u00a0Mik\u00e4 rajaa soveliaan rintojen paljastuksen muusta yl\u00e4osattomuudesta? Kulkeeko raja paljaissa n\u00e4nneiss\u00e4? Miksi Kleopatra on kuvattu taidehistoriassa l\u00e4hes aina yl\u00e4osattomissa? Ent\u00e4 miten taidehistoria on k\u00e4sitt\u00e4nyt naisen kenties kiehtovimman ruumiinosan?<\/div>\n<div><\/div>\n<div class=\"gmail-cxmmr5t8 gmail-oygrvhab gmail-hcukyx3x gmail-c1et5uql gmail-o9v6fnle\">Kutomo-salissa n\u00e4ht\u00e4v\u00e4 teemaan kuuluva n\u00e4yttely \u201dMeit\u00e4 vastassa on vaarallinen rinta\u201d:<br \/>\nValokuvat, valokuvaaja Emil Bobyrev<br \/>\nRinnat-lyhytelokuva, Anne V\u00e4linoro ja Jan Senius (7 min., 2021)<br \/>\nKehoina kuvissa Susanna Lyly ja Anne V\u00e4linoro<\/div>\n<div><\/div>\n<div class=\"gmail-cxmmr5t8 gmail-oygrvhab gmail-hcukyx3x gmail-c1et5uql gmail-o9v6fnle\">N\u00e4yttely on avoinna 9.1.2022 asti, ke\u2013pe 11\u201318, la\u2013su 12\u201316. Suljettu ma, ti ja juhlapyhin\u00e4. Toivomme n\u00e4yttelyvieraiden saapuvan tervein\u00e4. Maskisuositus. Himmelblau tarjoaa maskit ja k\u00e4sidesit. Vapaa p\u00e4\u00e4sy.<\/div>\n<div><\/div>\n<div><img loading=\"lazy\" decoding=\"async\" class=\"alignnone size-full wp-image-2118\" src=\"https:\/\/himmelblau.fi\/wp-content\/uploads\/Rinnat-nayttely-Emil-Bobyrev.jpg\" alt=\"\" width=\"2000\" height=\"1500\" srcset=\"https:\/\/himmelblau.fi\/wp-content\/uploads\/Rinnat-nayttely-Emil-Bobyrev.jpg 2000w, https:\/\/himmelblau.fi\/wp-content\/uploads\/Rinnat-nayttely-Emil-Bobyrev-500x375.jpg 500w, https:\/\/himmelblau.fi\/wp-content\/uploads\/Rinnat-nayttely-Emil-Bobyrev-1024x768.jpg 1024w, https:\/\/himmelblau.fi\/wp-content\/uploads\/Rinnat-nayttely-Emil-Bobyrev-768x576.jpg 768w, https:\/\/himmelblau.fi\/wp-content\/uploads\/Rinnat-nayttely-Emil-Bobyrev-1536x1152.jpg 1536w, https:\/\/himmelblau.fi\/wp-content\/uploads\/Rinnat-nayttely-Emil-Bobyrev-750x563.jpg 750w, https:\/\/himmelblau.fi\/wp-content\/uploads\/Rinnat-nayttely-Emil-Bobyrev-400x300.jpg 400w, https:\/\/himmelblau.fi\/wp-content\/uploads\/Rinnat-nayttely-Emil-Bobyrev-430x323.jpg 430w, https:\/\/himmelblau.fi\/wp-content\/uploads\/Rinnat-nayttely-Emil-Bobyrev-150x113.jpg 150w, https:\/\/himmelblau.fi\/wp-content\/uploads\/Rinnat-nayttely-Emil-Bobyrev-100x75.jpg 100w\" sizes=\"(max-width: 2000px) 100vw, 2000px\" \/><\/div>\n","protected":false},"excerpt":{"rendered":"<p>Keskustelutilaisuus on muutettu koronarajoitusten my\u00f6t\u00e4 livel\u00e4hetykseksi, joka on n\u00e4ht\u00e4viss\u00e4 Grafiikanpaja Himmelblaun Facebook-sivujen kautta. Galleria Himmelblaun Rinnat -n\u00e4yttelyn kokoajan Anne V\u00e4linoron kanssa aiheesta keskustelevat FT Jaakkojuhani Peltonen ja historioitsija, lehtori Ville [&hellip;]<\/p>\n","protected":false},"author":1,"featured_media":0,"comment_status":"closed","ping_status":"closed","sticky":false,"template":"","format":"standard","meta":{"_acf_changed":false,"_et_pb_use_builder":"","_et_pb_old_content":"","_et_gb_content_width":"","_exactmetrics_skip_tracking":false,"_exactmetrics_sitenote_active":false,"_exactmetrics_sitenote_note":"","_exactmetrics_sitenote_category":0,"footnotes":""},"categories":[7],"tags":[],"class_list":["post-2117","post","type-post","status-publish","format-standard","hentry","category-uutinen"],"acf":[],"_links":{"self":[{"href":"https:\/\/himmelblau.fi\/en\/wp-json\/wp\/v2\/posts\/2117","targetHints":{"allow":["GET"]}}],"collection":[{"href":"https:\/\/himmelblau.fi\/en\/wp-json\/wp\/v2\/posts"}],"about":[{"href":"https:\/\/himmelblau.fi\/en\/wp-json\/wp\/v2\/types\/post"}],"author":[{"embeddable":true,"href":"https:\/\/himmelblau.fi\/en\/wp-json\/wp\/v2\/users\/1"}],"replies":[{"embeddable":true,"href":"https:\/\/himmelblau.fi\/en\/wp-json\/wp\/v2\/comments?post=2117"}],"version-history":[{"count":2,"href":"https:\/\/himmelblau.fi\/en\/wp-json\/wp\/v2\/posts\/2117\/revisions"}],"predecessor-version":[{"id":2121,"href":"https:\/\/himmelblau.fi\/en\/wp-json\/wp\/v2\/posts\/2117\/revisions\/2121"}],"wp:attachment":[{"href":"https:\/\/himmelblau.fi\/en\/wp-json\/wp\/v2\/media?parent=2117"}],"wp:term":[{"taxonomy":"category","embeddable":true,"href":"https:\/\/himmelblau.fi\/en\/wp-json\/wp\/v2\/categories?post=2117"},{"taxonomy":"post_tag","embeddable":true,"href":"https:\/\/himmelblau.fi\/en\/wp-json\/wp\/v2\/tags?post=2117"}],"curies":[{"name":"wp","href":"https:\/\/api.w.org\/{rel}","templated":true}]}}