{"id":2300,"date":"2023-01-04T15:06:09","date_gmt":"2023-01-04T13:06:09","guid":{"rendered":"https:\/\/himmelblau.fi\/?p=2300"},"modified":"2023-01-04T15:06:09","modified_gmt":"2023-01-04T13:06:09","slug":"galleria-himmelblaussa-avautuu-11-1-anniina-puiraksen-humanimal-emotions","status":"publish","type":"post","link":"https:\/\/himmelblau.fi\/en\/galleria-himmelblaussa-avautuu-11-1-anniina-puiraksen-humanimal-emotions\/","title":{"rendered":"Galleria Himmelblaussa avautuu 11.1. Anniina Puiraksen Humanimal Emotions"},"content":{"rendered":"<p><b>Anniina Puiras: <i>Humanimal Emotions<br \/>\n<\/i><\/b><b>11.1.<\/b><b>\u201312.2.<br \/>\n<\/b><b>Galleria Himmelblau<\/b><\/p>\n<p><b>Anniina Puiraksen<\/b> (s.1989) <i>Humanimal Emotions<\/i> -n\u00e4yttelyn teema on el\u00e4imellist\u00e4\u00e4 ihminen. Visuaalisesti ihminen puuttuu, mutta teokset esittelev\u00e4t tunnetiloja ja ominaisuuksia, joiden ajatellaan kuuluvan yleens\u00e4 vain ihmisille, vaikka samankaltaisia kokemuksia l\u00f6ytyy tutkimusten mukaan my\u00f6s monilta muilta lajeilta.<\/p>\n<p>Anniina Puiras yhdist\u00e4\u00e4 teoksissaan hiili- ja lyijykyn\u00e4piirt\u00e4mist\u00e4 kiilt\u00e4v\u00e4\u00e4n hartsiin. Hartsi saa v\u00e4rins\u00e4 siihen sekoitetusta akryyli- ja alkoholimusteesta. Galleria Himmelblaun n\u00e4yttelyn teoksiin Puiras kokeili my\u00f6s uutta tekniikka: hartsikukkia, jotka ik\u00e4\u00e4n kuin kasvavat ulos teoksista. Puiraksen tekniikka on ty\u00f6l\u00e4s, etenkin piirrokset saattavat vied\u00e4 kuukausia.<\/p>\n<p>Anniina Puiras avaa <i>Humanimal Emotions<\/i> -n\u00e4yttelyn taustoja:<\/p>\n<p>\u201cMielest\u00e4ni on rauhoittavaa ajatella ihmist\u00e4 vain el\u00e4imen\u00e4, ja astua alas \u2018luomakunnan kruunun\u2019 jalustalta. Esimerkiksi kaunan kantaminen ei ole vain meid\u00e4n juttumme, varikset siirt\u00e4v\u00e4t kaunansa eteenp\u00e4in jopa poikasilleen! El\u00e4imill\u00e4kin on hinku humaltua milloin mist\u00e4kin: delfiinit k\u00e4ytt\u00e4v\u00e4t siihen pallokalan myrkky\u00e4, vallabit unikonsiemeni\u00e4.<\/p>\n<p>Yksi tunnetila, joka ainakin viel\u00e4 n\u00e4ytt\u00e4\u00e4 olevan kovin ihmism\u00e4inen (joskin uskon, ett\u00e4 jahka t\u00e4t\u00e4kin tutkitaan enemm\u00e4n, vastine l\u00f6ytynee el\u00e4inkunnasta), on <i>awe<\/i>. Se on ihmetyksen ja kunnioituksen tila, jossa koetaan esimerkiksi pienuuden tunnetta. <i>Awe<\/i> on oman kokemukseni mukaan tunnetilojen aateliaa, oikein mainio olotila. Se on terveellinen tunnetila, joka aiheuttaa muun muassa prososiaalista k\u00e4ytt\u00e4ytymist\u00e4 ja yhteyden tunnetta kanssaihmisiin, lis\u00e4\u00e4 kriittist\u00e4 ajattelua ja anteliaisuutta. <i>Awe<\/i> my\u00f6s rauhoittaa hermostoa.<\/p>\n<p>Itse koen sit\u00e4 useimmiten avaruutta tiiraillessa tai James Web -luotaimen kuvia katsellessa, joten avaruusaiheet olivat minulle luonnollisin tapa pyrki\u00e4 visualisoimaan t\u00e4m\u00e4 tunne.<\/p>\n<p>On olemassa my\u00f6s <i>overview effect<\/i> -tunnetila, joka kiehtoo minua, mutta sen kokeminen vaatisi avaruusmatkaa. Tunnetilan nimitt\u00e4in kokee, jos n\u00e4kee Maapallon kokonaisuudessaan avaruudesta k\u00e4sin. Astronautit kuvaavat kokemusta kauniiksi ja herk\u00e4ksi, ja se muuttaa heid\u00e4n tapaansa ajatella el\u00e4m\u00e4\u00e4 ja Maapalloa.\u201d<\/p>\n<p>Galleria Himmelblaun ensimm\u00e4isess\u00e4 salissa on esill\u00e4 Anniina Puiraksen avaruusteemaisia hartsiteoksia, jotka liittyv\u00e4t ihmisen kokemaan <i>awe<\/i>-tunnetilaan ja toisessa salissa on teoksia, joissa taiteilija k\u00e4sittelee el\u00e4imellisi\u00e4 tunnetiloja ja ominaisuuksia laajemmin.<\/p>\n<p>Finlaysoninkuja 9 kerros 2B<br \/>\nFinlaysonin alue, Tampere<\/p>\n<p>Avoinna: ke-pe 11-18, la-su 12-16.<br \/>\nSuljettu: ma ja ti.<\/p>\n<p>Vapaa p\u00e4\u00e4sy.<\/p>\n<p>Lis\u00e4tietoja: Pertti Ketonen, galleristi \/ 0500 625 564, <a href=\"mailto:pertti.ketonen@himmelblau.fi\">pertti.ketonen@himmelblau.fi<\/a><\/p>\n<p><img loading=\"lazy\" decoding=\"async\" class=\"alignnone size-full wp-image-2301\" src=\"https:\/\/himmelblau.fi\/wp-content\/uploads\/kauna_anniina_puiras.jpg\" alt=\"\" width=\"1200\" height=\"1545\" srcset=\"https:\/\/himmelblau.fi\/wp-content\/uploads\/kauna_anniina_puiras.jpg 1200w, https:\/\/himmelblau.fi\/wp-content\/uploads\/kauna_anniina_puiras-388x500.jpg 388w, https:\/\/himmelblau.fi\/wp-content\/uploads\/kauna_anniina_puiras-795x1024.jpg 795w, https:\/\/himmelblau.fi\/wp-content\/uploads\/kauna_anniina_puiras-768x989.jpg 768w, https:\/\/himmelblau.fi\/wp-content\/uploads\/kauna_anniina_puiras-1193x1536.jpg 1193w, https:\/\/himmelblau.fi\/wp-content\/uploads\/kauna_anniina_puiras-750x966.jpg 750w, https:\/\/himmelblau.fi\/wp-content\/uploads\/kauna_anniina_puiras-400x515.jpg 400w, https:\/\/himmelblau.fi\/wp-content\/uploads\/kauna_anniina_puiras-430x554.jpg 430w, https:\/\/himmelblau.fi\/wp-content\/uploads\/kauna_anniina_puiras-150x193.jpg 150w, https:\/\/himmelblau.fi\/wp-content\/uploads\/kauna_anniina_puiras-100x129.jpg 100w\" sizes=\"(max-width: 1200px) 100vw, 1200px\" \/><\/p>\n","protected":false},"excerpt":{"rendered":"<p>Anniina Puiras: Humanimal Emotions 11.1.\u201312.2. Galleria Himmelblau Anniina Puiraksen (s.1989) Humanimal Emotions -n\u00e4yttelyn teema on el\u00e4imellist\u00e4\u00e4 ihminen. Visuaalisesti ihminen puuttuu, mutta teokset esittelev\u00e4t tunnetiloja ja ominaisuuksia, joiden ajatellaan kuuluvan yleens\u00e4 [&hellip;]<\/p>\n","protected":false},"author":1,"featured_media":0,"comment_status":"closed","ping_status":"closed","sticky":false,"template":"","format":"standard","meta":{"_acf_changed":false,"_et_pb_use_builder":"","_et_pb_old_content":"","_et_gb_content_width":"","_exactmetrics_skip_tracking":false,"_exactmetrics_sitenote_active":false,"_exactmetrics_sitenote_note":"","_exactmetrics_sitenote_category":0,"footnotes":""},"categories":[7],"tags":[],"class_list":["post-2300","post","type-post","status-publish","format-standard","hentry","category-uutinen"],"acf":[],"_links":{"self":[{"href":"https:\/\/himmelblau.fi\/en\/wp-json\/wp\/v2\/posts\/2300","targetHints":{"allow":["GET"]}}],"collection":[{"href":"https:\/\/himmelblau.fi\/en\/wp-json\/wp\/v2\/posts"}],"about":[{"href":"https:\/\/himmelblau.fi\/en\/wp-json\/wp\/v2\/types\/post"}],"author":[{"embeddable":true,"href":"https:\/\/himmelblau.fi\/en\/wp-json\/wp\/v2\/users\/1"}],"replies":[{"embeddable":true,"href":"https:\/\/himmelblau.fi\/en\/wp-json\/wp\/v2\/comments?post=2300"}],"version-history":[{"count":1,"href":"https:\/\/himmelblau.fi\/en\/wp-json\/wp\/v2\/posts\/2300\/revisions"}],"predecessor-version":[{"id":2303,"href":"https:\/\/himmelblau.fi\/en\/wp-json\/wp\/v2\/posts\/2300\/revisions\/2303"}],"wp:attachment":[{"href":"https:\/\/himmelblau.fi\/en\/wp-json\/wp\/v2\/media?parent=2300"}],"wp:term":[{"taxonomy":"category","embeddable":true,"href":"https:\/\/himmelblau.fi\/en\/wp-json\/wp\/v2\/categories?post=2300"},{"taxonomy":"post_tag","embeddable":true,"href":"https:\/\/himmelblau.fi\/en\/wp-json\/wp\/v2\/tags?post=2300"}],"curies":[{"name":"wp","href":"https:\/\/api.w.org\/{rel}","templated":true}]}}