{"id":2315,"date":"2023-02-07T14:13:38","date_gmt":"2023-02-07T12:13:38","guid":{"rendered":"https:\/\/himmelblau.fi\/?p=2315"},"modified":"2023-02-07T14:13:38","modified_gmt":"2023-02-07T12:13:38","slug":"taiteilija-anniina-puiras-tavattavissa-viikonloppuna-11-12-2","status":"publish","type":"post","link":"https:\/\/himmelblau.fi\/en\/taiteilija-anniina-puiras-tavattavissa-viikonloppuna-11-12-2\/","title":{"rendered":"Taiteilija Anniina Puiras tavattavissa viikonloppuna 11.-12.2."},"content":{"rendered":"<div><\/div>\n<div>\n<div class=\"gmail-x11i5rnm gmail-xat24cr gmail-x1mh8g0r gmail-x1vvkbs gmail-xdj266r\">Taiteilija <strong>Anniina Puiras<\/strong> esittelee n\u00e4yttelyns\u00e4 yleis\u00f6lle lauantaina 11.2. ja sunnuntaina 12.2. kello 13 ja on sen j\u00e4lkeen tavattavissa galleriassa kello 15 asti kumpanakin p\u00e4iv\u00e4n\u00e4. Tapahtumiin on vapaa p\u00e4\u00e4sy.<\/div>\n<div class=\"gmail-x11i5rnm gmail-xat24cr gmail-x1mh8g0r gmail-x1vvkbs gmail-xtlvy1s\">Anniina Puiraksen n\u00e4yttely Humanimal Emotions p\u00e4\u00e4ttyy sunnuntaina 12.2. Nyt on upea tilaisuus p\u00e4\u00e4st\u00e4 kuulemaan teoksista taiteilijan itsens\u00e4 kertomana!<\/div>\n<div><\/div>\n<div class=\"gmail-x11i5rnm gmail-xat24cr gmail-x1mh8g0r gmail-x1vvkbs gmail-xtlvy1s\">Laajassa, kaksi salia k\u00e4sitt\u00e4v\u00e4ss\u00e4 n\u00e4yttelyss\u00e4 on esill\u00e4 avaruusaiheisia teoksia sek\u00e4 el\u00e4inkunnan inhimillisiksi koettuja tuntemuksia. Anniina Puiras toteuttaa teoksensa piirt\u00e4m\u00e4ll\u00e4 hiilell\u00e4 ja lyijykyn\u00e4ll\u00e4 sek\u00e4 maalaamalla hartsilla. Osassa teoksia on my\u00f6s reliefeiksi kohoavia hartsista tehtyj\u00e4 kukkia.<\/div>\n<div><\/div>\n<div class=\"gmail-x11i5rnm gmail-xat24cr gmail-x1mh8g0r gmail-x1vvkbs gmail-xtlvy1s\">Galleria Himmelblau<br \/>\nFinlaysoninkuja 9, kerros 2B<br \/>\nFinlaysonin alue, Tampere<\/div>\n<div><\/div>\n<div><img loading=\"lazy\" decoding=\"async\" class=\"alignnone size-full wp-image-2316\" src=\"https:\/\/himmelblau.fi\/wp-content\/uploads\/Anniina-Puiras.jpg\" alt=\"\" width=\"1600\" height=\"1200\" srcset=\"https:\/\/himmelblau.fi\/wp-content\/uploads\/Anniina-Puiras.jpg 1600w, https:\/\/himmelblau.fi\/wp-content\/uploads\/Anniina-Puiras-500x375.jpg 500w, https:\/\/himmelblau.fi\/wp-content\/uploads\/Anniina-Puiras-1024x768.jpg 1024w, https:\/\/himmelblau.fi\/wp-content\/uploads\/Anniina-Puiras-768x576.jpg 768w, https:\/\/himmelblau.fi\/wp-content\/uploads\/Anniina-Puiras-1536x1152.jpg 1536w, https:\/\/himmelblau.fi\/wp-content\/uploads\/Anniina-Puiras-750x563.jpg 750w, https:\/\/himmelblau.fi\/wp-content\/uploads\/Anniina-Puiras-400x300.jpg 400w, https:\/\/himmelblau.fi\/wp-content\/uploads\/Anniina-Puiras-430x323.jpg 430w, https:\/\/himmelblau.fi\/wp-content\/uploads\/Anniina-Puiras-150x113.jpg 150w, https:\/\/himmelblau.fi\/wp-content\/uploads\/Anniina-Puiras-100x75.jpg 100w\" sizes=\"(max-width: 1600px) 100vw, 1600px\" \/><\/div>\n<\/div>\n","protected":false},"excerpt":{"rendered":"<p>Taiteilija Anniina Puiras esittelee n\u00e4yttelyns\u00e4 yleis\u00f6lle lauantaina 11.2. ja sunnuntaina 12.2. kello 13 ja on sen j\u00e4lkeen tavattavissa galleriassa kello 15 asti kumpanakin p\u00e4iv\u00e4n\u00e4. Tapahtumiin on vapaa p\u00e4\u00e4sy. Anniina Puiraksen [&hellip;]<\/p>\n","protected":false},"author":1,"featured_media":0,"comment_status":"closed","ping_status":"closed","sticky":false,"template":"","format":"standard","meta":{"_acf_changed":false,"_et_pb_use_builder":"","_et_pb_old_content":"","_et_gb_content_width":"","_exactmetrics_skip_tracking":false,"_exactmetrics_sitenote_active":false,"_exactmetrics_sitenote_note":"","_exactmetrics_sitenote_category":0,"footnotes":""},"categories":[7],"tags":[],"class_list":["post-2315","post","type-post","status-publish","format-standard","hentry","category-uutinen"],"acf":[],"_links":{"self":[{"href":"https:\/\/himmelblau.fi\/en\/wp-json\/wp\/v2\/posts\/2315","targetHints":{"allow":["GET"]}}],"collection":[{"href":"https:\/\/himmelblau.fi\/en\/wp-json\/wp\/v2\/posts"}],"about":[{"href":"https:\/\/himmelblau.fi\/en\/wp-json\/wp\/v2\/types\/post"}],"author":[{"embeddable":true,"href":"https:\/\/himmelblau.fi\/en\/wp-json\/wp\/v2\/users\/1"}],"replies":[{"embeddable":true,"href":"https:\/\/himmelblau.fi\/en\/wp-json\/wp\/v2\/comments?post=2315"}],"version-history":[{"count":1,"href":"https:\/\/himmelblau.fi\/en\/wp-json\/wp\/v2\/posts\/2315\/revisions"}],"predecessor-version":[{"id":2318,"href":"https:\/\/himmelblau.fi\/en\/wp-json\/wp\/v2\/posts\/2315\/revisions\/2318"}],"wp:attachment":[{"href":"https:\/\/himmelblau.fi\/en\/wp-json\/wp\/v2\/media?parent=2315"}],"wp:term":[{"taxonomy":"category","embeddable":true,"href":"https:\/\/himmelblau.fi\/en\/wp-json\/wp\/v2\/categories?post=2315"},{"taxonomy":"post_tag","embeddable":true,"href":"https:\/\/himmelblau.fi\/en\/wp-json\/wp\/v2\/tags?post=2315"}],"curies":[{"name":"wp","href":"https:\/\/api.w.org\/{rel}","templated":true}]}}