{"id":2323,"date":"2023-02-12T00:36:46","date_gmt":"2023-02-11T22:36:46","guid":{"rendered":"https:\/\/himmelblau.fi\/?p=2323"},"modified":"2023-02-13T21:11:27","modified_gmt":"2023-02-13T19:11:27","slug":"jorma-hautalan-maalauksia-ja-grafiikkaa-galleria-himmelblau-19-2-26-3","status":"publish","type":"post","link":"https:\/\/himmelblau.fi\/en\/jorma-hautalan-maalauksia-ja-grafiikkaa-galleria-himmelblau-19-2-26-3\/","title":{"rendered":"Jorma Hautalan maalauksia ja grafiikkaa &#8211; Galleria Himmelblau  19.2.\u201326.3."},"content":{"rendered":"<p dir=\"ltr\">Galleria Himmelblaussa avautuu laaja ja monipuolinen katsaus <strong>Jorma Hautalan taiteeseen<\/strong>. Teoksia on esill\u00e4 kahdessa salissa. N\u00e4yttely on avoinna 19.2.\u201326.3.<\/p>\n<p dir=\"ltr\">Jorma Hautalan (s. 1941) taiteessa konstruktivistien perinne uusiutuu ja el\u00e4\u00e4 tuorein muodoin. Hautalan maalausten ja muiden teosten v\u00e4rit, muodot, viivat ja pisteet luovat monikerroksisia kokonaisuuksia. Maalauksissa voi n\u00e4hd\u00e4 jopa viitteit\u00e4 luonnosta ammentaviin v\u00e4reihin ja tunnelmiin. Teosten viivat leikkaavat kuvapintoja toisaalta rakentaen ja toisaalta purkaen. Maalausten ja grafiikan ohella Jorma Hautala on tunnettu my\u00f6s monumentaalitaiteestaan. Viime vuonna Hautala toteutti J\u00e4rvenp\u00e4\u00e4n kaupungille nelj\u00e4 suurta muraalia kerrostalojen p\u00e4\u00e4tyseiniin. Arkkitehtuuriin liittyvi\u00e4 suunnitelmia Hautala on tehnyt jo 1970-luvulta, esimerkkein\u00e4 teokset Helsingin Hanasaaren voimalaitokseen (1976), Espoon Kirkkoj\u00e4rven kouluun (1983) ja Tampereen teknilliseen korkeakouluun (1984).<\/p>\n<p dir=\"ltr\">Teksti lyhennelty museonjohtaja emeritus <strong>Markku Valkosen<\/strong> n\u00e4yttelytekstist\u00e4.<\/p>\n<p dir=\"ltr\">Galleria Himmelblau<br \/>\nFinlaysoninkuja 9, kerros 2B<br \/>\nFinlaysonin alue, Tampere<\/p>\n<p dir=\"ltr\">Avoinna: ke\u2013pe 11\u201318, la\u2013su 12\u201316.<br \/>\nSuljettu: ma ja ti.<\/p>\n<p dir=\"ltr\">Vapaa p\u00e4\u00e4sy. Lemmikkiyst\u00e4v\u00e4llinen kohde.<\/p>\n<p dir=\"ltr\">Kuvat: Jari Kaurakangas.<\/p>\n<p dir=\"ltr\">Lis\u00e4tietoja:<br \/>\ngalleristi Pertti Ketonen<br \/>\n0500 625 564, <a href=\"mailto:pertti.ketonen@himmelblau.fi\" target=\"_blank\" rel=\"noopener\">pertti.ketonen@himmelblau.fi<\/a><\/p>\n<div>\n\n\t\t<div id='gallery-1' class='gallery galleryid-2323 gallery-columns-6 gallery-size-medium gallery1'><script type=\"text\/javascript\">\r\n\/\/ <![CDATA[\r\n\tjQuery(document).ready(function () {\r\n\t\tjQuery(\".gallery1 a\").attr(\"rel\",\"gallery1\");\t\r\n\t\tjQuery('a[rel=\"gallery1\"]').colorbox({maxWidth:\"95%\", maxHeight:\"95%\",title: function(){ return jQuery(this).children().attr(\"alt\"); }, });\r\n\t});\r\n\/\/ ]]>\r\n<\/script>\n<figure class=\"gallery-item\">\n<div class=\"gallery-icon\">\r\n<a href=\"https:\/\/himmelblau.fi\/wp-content\/uploads\/Valaistu-yhdistelma-I-2013-428x500.jpg\" title=\"SONY DSC\" rel=\"gallery1\"><img loading=\"lazy\" decoding=\"async\" src=\"https:\/\/himmelblau.fi\/wp-content\/uploads\/Valaistu-yhdistelma-I-2013-428x500.jpg\" width=\"428\" height=\"500\" alt=\"SONY DSC\" \/><\/a>\r\n<\/div><figcaption class=\"gallery-caption\" id=\"caption2328\"><span class=\"imagecaption\">SONY DSC<\/span><br \/>\n<\/figcaption><\/figure><figure class=\"gallery-item\">\n<div class=\"gallery-icon\">\r\n<a href=\"https:\/\/himmelblau.fi\/wp-content\/uploads\/Gessan-2001-274x500.jpg\" title=\"SONY DSC\" rel=\"gallery1\"><img loading=\"lazy\" decoding=\"async\" src=\"https:\/\/himmelblau.fi\/wp-content\/uploads\/Gessan-2001-274x500.jpg\" width=\"274\" height=\"500\" alt=\"SONY DSC\" \/><\/a>\r\n<\/div><figcaption class=\"gallery-caption\" id=\"caption2330\"><span class=\"imagecaption\">SONY DSC<\/span><br \/>\n<\/figcaption><\/figure><figure class=\"gallery-item\">\n<div class=\"gallery-icon\">\r\n<a href=\"https:\/\/himmelblau.fi\/wp-content\/uploads\/Soiva-metsa-II-2005-500x500.jpg\" title=\"SONY DSC\" rel=\"gallery1\"><img loading=\"lazy\" decoding=\"async\" src=\"https:\/\/himmelblau.fi\/wp-content\/uploads\/Soiva-metsa-II-2005-500x500.jpg\" width=\"500\" height=\"500\" alt=\"SONY DSC\" \/><\/a>\r\n<\/div><figcaption class=\"gallery-caption\" id=\"caption2332\"><span class=\"imagecaption\">SONY DSC<\/span><br \/>\n<\/figcaption><\/figure>\r\n\t\t<\/div>\n\n<\/div>\n","protected":false},"excerpt":{"rendered":"<p>Galleria Himmelblaussa avautuu laaja ja monipuolinen katsaus Jorma Hautalan taiteeseen. Teoksia on esill\u00e4 kahdessa salissa. N\u00e4yttely on avoinna 19.2.\u201326.3. Jorma Hautalan (s. 1941) taiteessa konstruktivistien perinne uusiutuu ja el\u00e4\u00e4 tuorein [&hellip;]<\/p>\n","protected":false},"author":1,"featured_media":0,"comment_status":"closed","ping_status":"closed","sticky":false,"template":"","format":"standard","meta":{"_acf_changed":false,"_et_pb_use_builder":"","_et_pb_old_content":"","_et_gb_content_width":"","_exactmetrics_skip_tracking":false,"_exactmetrics_sitenote_active":false,"_exactmetrics_sitenote_note":"","_exactmetrics_sitenote_category":0,"footnotes":""},"categories":[7],"tags":[],"class_list":["post-2323","post","type-post","status-publish","format-standard","hentry","category-uutinen"],"acf":[],"_links":{"self":[{"href":"https:\/\/himmelblau.fi\/en\/wp-json\/wp\/v2\/posts\/2323","targetHints":{"allow":["GET"]}}],"collection":[{"href":"https:\/\/himmelblau.fi\/en\/wp-json\/wp\/v2\/posts"}],"about":[{"href":"https:\/\/himmelblau.fi\/en\/wp-json\/wp\/v2\/types\/post"}],"author":[{"embeddable":true,"href":"https:\/\/himmelblau.fi\/en\/wp-json\/wp\/v2\/users\/1"}],"replies":[{"embeddable":true,"href":"https:\/\/himmelblau.fi\/en\/wp-json\/wp\/v2\/comments?post=2323"}],"version-history":[{"count":3,"href":"https:\/\/himmelblau.fi\/en\/wp-json\/wp\/v2\/posts\/2323\/revisions"}],"predecessor-version":[{"id":2334,"href":"https:\/\/himmelblau.fi\/en\/wp-json\/wp\/v2\/posts\/2323\/revisions\/2334"}],"wp:attachment":[{"href":"https:\/\/himmelblau.fi\/en\/wp-json\/wp\/v2\/media?parent=2323"}],"wp:term":[{"taxonomy":"category","embeddable":true,"href":"https:\/\/himmelblau.fi\/en\/wp-json\/wp\/v2\/categories?post=2323"},{"taxonomy":"post_tag","embeddable":true,"href":"https:\/\/himmelblau.fi\/en\/wp-json\/wp\/v2\/tags?post=2323"}],"curies":[{"name":"wp","href":"https:\/\/api.w.org\/{rel}","templated":true}]}}