{"id":2336,"date":"2023-03-06T17:31:46","date_gmt":"2023-03-06T15:31:46","guid":{"rendered":"https:\/\/himmelblau.fi\/?p=2336"},"modified":"2023-03-06T17:32:26","modified_gmt":"2023-03-06T15:32:26","slug":"koe-raw-kanssamme-tamk-fine-art-lopputyonayttely-galleria-himmelblaussa-11-26-3-2023-raw","status":"publish","type":"post","link":"https:\/\/himmelblau.fi\/en\/koe-raw-kanssamme-tamk-fine-art-lopputyonayttely-galleria-himmelblaussa-11-26-3-2023-raw\/","title":{"rendered":"KOE RAW KANSSAMME &#8211; TAMK Fine Art -lopputy\u00f6n\u00e4yttely Galleria Himmelblaussa 11.\u201326.3.2023: RAW"},"content":{"rendered":"<p><em>Raw<\/em>-n\u00e4yttely pyrkii l\u00f6yt\u00e4m\u00e4\u00e4n voimaa identiteetin ja kokemuksien yhteenpunomien ihmisten kertomuksista ja tuntemuksista. Taiteilijat pohtivat, kuinka yksil\u00f6st\u00e4 voi l\u00f6yt\u00e4\u00e4 kollektiivin ja toisinp\u00e4in, mink\u00e4laista on tulevaisuuden taide ja mik\u00e4 on meid\u00e4n paikkamme sen rinnalla?<\/p>\n<p><strong>Kuinka olla <em>Raw<\/em> ja mit\u00e4 <em>Raw<\/em> ilment\u00e4\u00e4?<\/strong><\/p>\n<p>T\u00e4m\u00e4 on p\u00e4\u00e4kysymys, jonka esitt\u00e4v\u00e4t kolmetoista Tampereen ammattikorkeakoulun Media &amp; Arts -linjalta valmistuvaa fine art -taiteilijaa: <strong>Emmaline Ewe<\/strong>,<strong> Naksu Kihlakaski<\/strong>,<strong> Elina Kinnunen<\/strong>,<strong> Isa Kiviaho<\/strong>,<strong> Salla Kuoppamaa<\/strong>,<strong> Mia Kyll\u00f6nen<\/strong>,<strong> Emily Laakso<\/strong>, <strong>Teuta Pashnjari<\/strong>,<strong> Teini Piibemaa<\/strong>,<strong> Gabriella Presnal<\/strong>,<strong> Elisa Serave<\/strong>,<strong> Juulia Vanhatalo<\/strong> ja <strong>Yu-Hsuan Yao<\/strong>.<\/p>\n<p>Joukko orastavia taiteilijoita on luonut monipuolisen taidekokemuksen Tampereella Galleria Himmelblaun Kutomosaliin 11.\u201326.3.23. <em>Raw<\/em> elvytt\u00e4\u00e4 nykyaikaisia teemoja sekoittaen perinteisi\u00e4 ja uusia median muotoja, jotka ymp\u00e4r\u00f6iv\u00e4t sosiaalipoliittisia ja intrapersoonallisia konsepteja. N\u00e4yttelyn taiteilijat k\u00e4ytt\u00e4v\u00e4t liikkuvaa kuvaa, valokuvausta, maalausta, muotoilua, digitaalista taidetta, installaatioita, 360-videoita, ja interaktiivisia audiovisuaaleja v\u00e4linein\u00e4\u00e4n. Yleis\u00f6ll\u00e4 on mahdollisuus n\u00e4hd\u00e4 heid\u00e4n koulutuksensa kehitt\u00e4mien kykyjens\u00e4 kulminaatio.<\/p>\n<p><em>Raw<\/em> tutkii, kuinka taidetta voi k\u00e4ytt\u00e4\u00e4 artivismina liikkeiss\u00e4 kuten environmentalismi, feminismi, intersektionaalisuus, nomadismi, spiritualismi, ja etiikka; kuin my\u00f6s sit\u00e4, miten kyseiset liikkeet voivat punoutua osaksi yksil\u00f6n henkil\u00f6kohtaista taivalta. Ty\u00f6ryhm\u00e4 kutsuu yleis\u00f6n kytkeytym\u00e4\u00e4n uudestaan olennaisiin ihmisyyden osiin 2000-luvulla ja avaamaan empaattisia sf\u00e4\u00e4rej\u00e4\u00e4n taiteen kautta.<\/p>\n<p>Pian Tampereen ammattikorkeakoulusta valmistuvien oppilaiden ryhm\u00e4 koostuu monipuolisesta joukosta suomalaisia ja kansainv\u00e4lisi\u00e4 artisteja. Yksitt\u00e4iset kollektiivin j\u00e4senet ovat olleet osana muun muassa sellaisia gallerioita ja festivaaleja kuin Galleria Himmelblau, Tampere Photo Festival, Galleria Rajatila, Galleria Ronga, Tampere Film Festival, Galleria Muuntotila, Eye on TAMK, ARS108, Galleria Kyy, Gallery White Box, Vapaakaupungin galleria, Vapaan Taiteen Tila, PROJIO, Kulttuurikeskus Vuotalo, ja tulevia n\u00e4yttelyit\u00e4 on tiloissa Amos Rex, Galleria Ars Liberia, Y\u00f6 Galleria, ja Kulttuurikeskus Caisa.<\/p>\n<p>Kansainv\u00e4listen taiteilijoiden juuret ovat Albaniassa, Isossa-Britanniassa, Taiwanissa, Ukrainassa, Ven\u00e4j\u00e4ll\u00e4, Virossa, Yhdysvalloissa, ja jotkut ovat asuneet my\u00f6s muualla. He ovat suomalaisten n\u00e4yttelyiden lis\u00e4ksi toimineet my\u00f6s kansainv\u00e4lisesti. Heid\u00e4n t\u00f6it\u00e4\u00e4n on n\u00e4hty gallerioissa ja n\u00e4yttelyiss\u00e4 Australiassa, Brasiliassa, Etel\u00e4-Koreassa, Isossa-Britanniassa, Italiassa, Kiinassa, Kreikassa, Puolassa, Ranskassa, Saksassa, Slovakiassa, Sloveniassa, ja Yhdysvalloissa. Useat taiteilijat ovat my\u00f6s voittaneet palkintoja taidefestivaaleilla, muun muassa <em>Digital Big Screen <\/em>-tapahtumassa Sloveniassa.<\/p>\n<p><em>Raw<\/em> sijaitsee Galleria Himmelblaun n\u00e4yttelykohteessa Kutomosaleissa, Tampereen syd\u00e4mess\u00e4 Finlaysonin alueella. <em>Raw<\/em> on avoinna 11.\u201326. 2023 ke\u2013pe 11\u201318, la\u2013su 12\u201316. Suljettu ma ja ti.<\/p>\n<p>Vapaa p\u00e4\u00e4sy, perheyst\u00e4v\u00e4llinen, esteet\u00f6n.<\/p>\n<p>N\u00e4yttely\u00e4 sponsoroivat Tampereen ammattikorkeakoulu, Suomen Kulttuurirahasto, Arilyn, ja Tampereen taidemuseo.<\/p>\n<p>Mediakontaktit:\u00a0\u00a0\u00a0\u00a0\u00a0\u00a0\u00a0\u00a0\u00a0\u00a0\u00a0\u00a0\u00a0\u00a0\u00a0\u00a0\u00a0\u00a0 Gabriella Presnal, <a href=\"mailto:gabriella.presnal@tuni.fi\">gabriella.presnal@tuni.fi<\/a><br \/>\nInstagram: \u00a0\u00a0\u00a0\u00a0\u00a0\u00a0\u00a0\u00a0\u00a0\u00a0\u00a0\u00a0\u00a0\u00a0\u00a0\u00a0\u00a0\u00a0\u00a0\u00a0\u00a0\u00a0\u00a0\u00a0 @tamkfineartdegreeshow Instagramissa<br \/>\nFacebook: \u00a0\u00a0\u00a0\u00a0\u00a0\u00a0\u00a0\u00a0\u00a0\u00a0\u00a0\u00a0\u00a0\u00a0\u00a0\u00a0\u00a0\u00a0\u00a0\u00a0\u00a0\u00a0\u00a0\u00a0 https:\/\/raw-exhibition-2023.squarespace.com\/<\/p>\n<p>Galleria Himmelblau<br \/>\nFinlaysoninkuja 9, kerros 3B \/ Kutomosali<br \/>\nFinlaysonin alue, Tampere<br \/>\n<a href=\"https:\/\/himmelblau.fi\/en\/\">https:\/\/himmelblau.fi\/<\/a><\/p>\n<p>Kuva: <em>Raw<\/em>-esittelyjuliste, suunnittelijana Emily Laakso.<\/p>\n<p><em>\u00a0<\/em><\/p>\n","protected":false},"excerpt":{"rendered":"<p>Raw-n\u00e4yttely pyrkii l\u00f6yt\u00e4m\u00e4\u00e4n voimaa identiteetin ja kokemuksien yhteenpunomien ihmisten kertomuksista ja tuntemuksista. Taiteilijat pohtivat, kuinka yksil\u00f6st\u00e4 voi l\u00f6yt\u00e4\u00e4 kollektiivin ja toisinp\u00e4in, mink\u00e4laista on tulevaisuuden taide ja mik\u00e4 on meid\u00e4n paikkamme [&hellip;]<\/p>\n","protected":false},"author":1,"featured_media":0,"comment_status":"closed","ping_status":"closed","sticky":false,"template":"","format":"standard","meta":{"_acf_changed":false,"_et_pb_use_builder":"","_et_pb_old_content":"","_et_gb_content_width":"","_exactmetrics_skip_tracking":false,"_exactmetrics_sitenote_active":false,"_exactmetrics_sitenote_note":"","_exactmetrics_sitenote_category":0,"footnotes":""},"categories":[7],"tags":[],"class_list":["post-2336","post","type-post","status-publish","format-standard","hentry","category-uutinen"],"acf":[],"_links":{"self":[{"href":"https:\/\/himmelblau.fi\/en\/wp-json\/wp\/v2\/posts\/2336","targetHints":{"allow":["GET"]}}],"collection":[{"href":"https:\/\/himmelblau.fi\/en\/wp-json\/wp\/v2\/posts"}],"about":[{"href":"https:\/\/himmelblau.fi\/en\/wp-json\/wp\/v2\/types\/post"}],"author":[{"embeddable":true,"href":"https:\/\/himmelblau.fi\/en\/wp-json\/wp\/v2\/users\/1"}],"replies":[{"embeddable":true,"href":"https:\/\/himmelblau.fi\/en\/wp-json\/wp\/v2\/comments?post=2336"}],"version-history":[{"count":2,"href":"https:\/\/himmelblau.fi\/en\/wp-json\/wp\/v2\/posts\/2336\/revisions"}],"predecessor-version":[{"id":2340,"href":"https:\/\/himmelblau.fi\/en\/wp-json\/wp\/v2\/posts\/2336\/revisions\/2340"}],"wp:attachment":[{"href":"https:\/\/himmelblau.fi\/en\/wp-json\/wp\/v2\/media?parent=2336"}],"wp:term":[{"taxonomy":"category","embeddable":true,"href":"https:\/\/himmelblau.fi\/en\/wp-json\/wp\/v2\/categories?post=2336"},{"taxonomy":"post_tag","embeddable":true,"href":"https:\/\/himmelblau.fi\/en\/wp-json\/wp\/v2\/tags?post=2336"}],"curies":[{"name":"wp","href":"https:\/\/api.w.org\/{rel}","templated":true}]}}