{"id":2355,"date":"2023-03-27T12:48:07","date_gmt":"2023-03-27T09:48:07","guid":{"rendered":"https:\/\/himmelblau.fi\/?p=2355"},"modified":"2023-03-27T12:48:07","modified_gmt":"2023-03-27T09:48:07","slug":"veera-kopsala-saalistaja-galleria-himmelblaussa-2-4-14-5","status":"publish","type":"post","link":"https:\/\/himmelblau.fi\/en\/veera-kopsala-saalistaja-galleria-himmelblaussa-2-4-14-5\/","title":{"rendered":"Veera Kopsala SAALISTAJA Galleria Himmelblaussa  2.4.\u201314.5."},"content":{"rendered":"<p dir=\"ltr\" style=\"text-align: center;\">&#8220;Ajattelin, ett\u00e4 mun n\u00e4yttelyn nimi ois Saalistaja.\u201d<\/p>\n<p dir=\"ltr\" style=\"text-align: center;\">\u201dMit\u00e4 ne saalistaa?\u201d<\/p>\n<p dir=\"ltr\" style=\"text-align: center;\">\u201dKaloja ainakin ja katseita, huomiota ehk\u00e4. \u201d<\/p>\n<p dir=\"ltr\" style=\"text-align: center;\">Oisin halunnut vastata, ett\u00e4 ne saalistaa miehi\u00e4, mutta en kehdannut.<\/p>\n<p dir=\"ltr\" style=\"text-align: center;\">\u201dSe on hyv\u00e4 nimi.\u201d<\/p>\n<p dir=\"ltr\" style=\"text-align: center;\">\u201dMustakin.&#8221;<\/p>\n<p dir=\"ltr\">Seison suihkussa ja mulla tulee idea uimapukuisesta naisesta kalat k\u00e4siss\u00e4\u00e4n. Laitan suihkuhanan kuumimmalle ja k\u00e4yn sill\u00e4 koko vartalon l\u00e4pi. Kuivaan itseni, ved\u00e4n uimapuvun, villamyssyn ja uimalasit p\u00e4\u00e4lle. Asetan kameran kirjahyllylle ja asetun keskelle yksi\u00f6t\u00e4ni mielikuvituskalat k\u00e4siss\u00e4ni. Saan hyv\u00e4n otoksen ja ty\u00f6huoneella hahmottelen \u00e4\u00e4riviivani puupohjalle. Kuvaidea on sekoitus lapsuuden kuvaa, jossa komeilen itse ison kalan kanssa kameralle sek\u00e4 tinderin kuvatulvaa kalamiehist\u00e4 kalojensa kanssa. Alan veist\u00e4\u00e4 Saalistajaa, m\u00e4\u00e4r\u00e4tietoista naista kalat k\u00e4siss\u00e4\u00e4n.<\/p>\n<p dir=\"ltr\"><strong>Veera Kopsala<\/strong> (s. 1991 Nurmij\u00e4rvi) on ty\u00f6skennellyt viimeiset vuodet ruumiillisuuden teeman kanssa: kuinka olla ruumiinsa kanssa villimp\u00e4n\u00e4 ja vapaampana, ulkoisesta katseesta irtautuneena. H\u00e4nt\u00e4 kiinnostaa tutkia teoksissaan intiimej\u00e4 tiloja, tunteita ja tunnelmia. H\u00e4nen teostensa ytimess\u00e4 on ruumiillinen olemassaolo ja sen kuvaaminen. Kopsala k\u00e4sittelee aihetta usein sarjakuvamaisten naishahmojen kautta.<\/p>\n<p dir=\"ltr\">Veera Kopsala valmistui Kuvataideakatemiasta kuvataiteen maisteriksi 2022. H\u00e4n ty\u00f6skentelee aktiivisesti niin kuvanveiston kuin n\u00e4ytt\u00e4m\u00f6taiteen parissa. Kopsalan puureliefej\u00e4 on ollut viimeksi esill\u00e4 Kulttuuritila 22:ssa Mikkeliss\u00e4, Glo Art Hotellissa Helsingiss\u00e4, Helsingin Kaupunginteatterilla sek\u00e4 Kuvan Kev\u00e4\u00e4ss\u00e4 2021, josta Kopsalalle my\u00f6nnettiin Anja Snellmanin s\u00e4\u00e4ti\u00f6n stipendi. H\u00e4nen viimeisimpi\u00e4 n\u00e4ytt\u00e4m\u00f6taiteent\u00f6it\u00e4ns\u00e4 ovat olleet S\u00e4\u00e4dytt\u00f6mi\u00e4 kuvia tulvillaan olevien ruumiiden yll\u00e4\u00a0-n\u00e4ytt\u00e4m\u00f6teos, joka sai ensi-iltansa Kulttuurikeskus Caisassa sek\u00e4 Pleasure Ride\u00a0-nykyesitys Teatterikorkeakoululla. Seuraavat yksityisn\u00e4yttelyt Kopsalalla on Porvoon Taidehallissa sek\u00e4 Huuto Galleriassa Helsingiss\u00e4. Kes\u00e4ll\u00e4 2023 Kopsala osallistuu Rauman Taidemuseon ryhm\u00e4n\u00e4yttelyyn.<\/p>\n<p dir=\"ltr\">N\u00e4yttely\u00e4 ovat tukeneet: Taiteen edist\u00e4miskeskus, Paulon s\u00e4\u00e4ti\u00f6 ja Versowood<\/p>\n<p dir=\"ltr\">Taiteilijan kiitokset: Tapani Kokko, Saimi Suikkanen, Jyrki Sinisalo, Vesa Pitk\u00e4koski, Einari Hyv\u00f6nen, Oskari Ruuska, Menni Renvall, Siiri Kortelainen, Kaisa Rajahalme, Anna Suhonen, Kristian Smeds, Maritta Kopsala.<\/p>\n<p dir=\"ltr\">N\u00e4yttely on avoinna 2.4.\u201314.5. Vapaa p\u00e4\u00e4sy.<\/p>\n<p dir=\"ltr\">Galleria Himmelblau<br \/>\nFinlaysoninkuja 9, kerros 2B<br \/>\nFinlaysonin alue, Tampere<\/p>\n<p dir=\"ltr\">ke\u2013pe 11\u201318<br \/>\nla\u2013su 12\u201316<br \/>\nsuljettu ma, ti ja juhlapyhin\u00e4<\/p>\n<p dir=\"ltr\"><strong>Lis\u00e4tietoja:<br \/>\n<\/strong>Katja Villemonteix, projektip\u00e4\u00e4llikk\u00f6 \/ 050 366 3822,<br \/>\n<a href=\"mailto:katja.villemonteix@gmail.com\" target=\"_blank\" rel=\"noopener\">katja.villemonteix@gmail.com<\/a><br \/>\n<a href=\"mailto:himmelblau@himmelblau.fi\" target=\"_blank\" rel=\"noopener\">himmelblau@himmelblau.fi<\/a>,<br \/>\n<a href=\"http:\/\/www.himmelblau.fi\" target=\"_blank\" rel=\"noopener\">www.himmelblau.fi<\/a><\/p>\n<p dir=\"ltr\"><strong>Veera Kopsala<br \/>\n<\/strong>instagram: veerakopsala<br \/>\ninternetsivut: <a href=\"http:\/\/veerakopsala.weebly.com\" target=\"_blank\" rel=\"noopener\">veerakopsala.weebly.com<\/a><\/p>\n<p dir=\"ltr\">Ps. Veera Kopsala on tavattavissa Galleria Himmelblaussa Taidesuunnistuksen aikaan, sunnuntaina 23.4. kello 12\u201314. Vapaa p\u00e4\u00e4sy.<\/p>\n\n\t\t<div id='gallery-1' class='gallery galleryid-2355 gallery-columns-2 gallery-size-full gallery1'><script type=\"text\/javascript\">\r\n\/\/ <![CDATA[\r\n\tjQuery(document).ready(function () {\r\n\t\tjQuery(\".gallery1 a\").attr(\"rel\",\"gallery1\");\t\r\n\t\tjQuery('a[rel=\"gallery1\"]').colorbox({maxWidth:\"95%\", maxHeight:\"95%\",title: function(){ return jQuery(this).children().attr(\"alt\"); }, });\r\n\t});\r\n\/\/ ]]>\r\n<\/script>\n<figure class=\"gallery-item\">\n<div class=\"gallery-icon\">\r\n<a href=\"https:\/\/himmelblau.fi\/wp-content\/uploads\/kopsala2-500x375.jpg\" title=\"\" rel=\"gallery1\"><img loading=\"lazy\" decoding=\"async\" src=\"https:\/\/himmelblau.fi\/wp-content\/uploads\/kopsala2.jpg\" width=\"1440\" height=\"1080\" alt=\"\" \/><\/a>\r\n<\/div><\/figure><figure class=\"gallery-item\">\n<div class=\"gallery-icon\">\r\n<a href=\"https:\/\/himmelblau.fi\/wp-content\/uploads\/Saalistaja_23-2-438x500.jpg\" title=\"\" rel=\"gallery1\"><img loading=\"lazy\" decoding=\"async\" src=\"https:\/\/himmelblau.fi\/wp-content\/uploads\/Saalistaja_23-2.jpg\" width=\"1080\" height=\"1233\" alt=\"\" \/><\/a>\r\n<\/div><\/figure>\r\n\t\t<\/div>\n\n","protected":false},"excerpt":{"rendered":"<p>&#8220;Ajattelin, ett\u00e4 mun n\u00e4yttelyn nimi ois Saalistaja.\u201d \u201dMit\u00e4 ne saalistaa?\u201d \u201dKaloja ainakin ja katseita, huomiota ehk\u00e4. \u201d Oisin halunnut vastata, ett\u00e4 ne saalistaa miehi\u00e4, mutta en kehdannut. \u201dSe on hyv\u00e4 [&hellip;]<\/p>\n","protected":false},"author":1,"featured_media":0,"comment_status":"closed","ping_status":"closed","sticky":false,"template":"","format":"standard","meta":{"_acf_changed":false,"_et_pb_use_builder":"","_et_pb_old_content":"","_et_gb_content_width":"","_exactmetrics_skip_tracking":false,"_exactmetrics_sitenote_active":false,"_exactmetrics_sitenote_note":"","_exactmetrics_sitenote_category":0,"footnotes":""},"categories":[7],"tags":[],"class_list":["post-2355","post","type-post","status-publish","format-standard","hentry","category-uutinen"],"acf":[],"_links":{"self":[{"href":"https:\/\/himmelblau.fi\/en\/wp-json\/wp\/v2\/posts\/2355","targetHints":{"allow":["GET"]}}],"collection":[{"href":"https:\/\/himmelblau.fi\/en\/wp-json\/wp\/v2\/posts"}],"about":[{"href":"https:\/\/himmelblau.fi\/en\/wp-json\/wp\/v2\/types\/post"}],"author":[{"embeddable":true,"href":"https:\/\/himmelblau.fi\/en\/wp-json\/wp\/v2\/users\/1"}],"replies":[{"embeddable":true,"href":"https:\/\/himmelblau.fi\/en\/wp-json\/wp\/v2\/comments?post=2355"}],"version-history":[{"count":1,"href":"https:\/\/himmelblau.fi\/en\/wp-json\/wp\/v2\/posts\/2355\/revisions"}],"predecessor-version":[{"id":2360,"href":"https:\/\/himmelblau.fi\/en\/wp-json\/wp\/v2\/posts\/2355\/revisions\/2360"}],"wp:attachment":[{"href":"https:\/\/himmelblau.fi\/en\/wp-json\/wp\/v2\/media?parent=2355"}],"wp:term":[{"taxonomy":"category","embeddable":true,"href":"https:\/\/himmelblau.fi\/en\/wp-json\/wp\/v2\/categories?post=2355"},{"taxonomy":"post_tag","embeddable":true,"href":"https:\/\/himmelblau.fi\/en\/wp-json\/wp\/v2\/tags?post=2355"}],"curies":[{"name":"wp","href":"https:\/\/api.w.org\/{rel}","templated":true}]}}