{"id":2394,"date":"2023-09-13T17:18:51","date_gmt":"2023-09-13T14:18:51","guid":{"rendered":"https:\/\/himmelblau.fi\/?p=2394"},"modified":"2023-11-05T13:53:20","modified_gmt":"2023-11-05T11:53:20","slug":"taiteilijatapaaminen-rop-lauantaina-16-9-kello-1330","status":"publish","type":"post","link":"https:\/\/himmelblau.fi\/en\/taiteilijatapaaminen-rop-lauantaina-16-9-kello-1330\/","title":{"rendered":"Taiteilijatapaaminen: ROP lauantaina 16.9. kello 13:30"},"content":{"rendered":"<p><b>Taiteilijatapaaminen: ROP\u00a0<\/b><b>lauantaina 16.9. kello 13:30<\/b><\/p>\n<p>N\u00e4yttelyss\u00e4 Uneksin puista<br \/>\nGalleria Himmelblaun Puuvillasalissa, Finlaysoninkuja 9, kerros 2B<br \/>\nVapaa p\u00e4\u00e4sy.<br \/>\nHuom, kello 13 alkaa Erno Peltosen taiteilijatapaaminen. L\u00e4mpim\u00e4sti tervetuloa kumpaankin tilaisuuteen!<\/p>\n<p dir=\"ltr\">&#8211; &#8211; &#8211;<\/p>\n<p dir=\"ltr\"><strong>ROP\u00a0+ M. Hannula<\/strong><\/p>\n<p dir=\"ltr\">UNEKSIN PUISTA<\/p>\n<p dir=\"ltr\">Galleria Himmelblaun\u00a0Puuvillasali\u00a0\u00a0<span id=\"m_-8565285017311636143m_-2530206487817640242gmail-docs-internal-guid-58e5b701-7fff-2a9a-5da0-58506780f253\">3.9 \u2013 1.10.2023<\/span><\/p>\n<p dir=\"ltr\">\u201cMielikuvitus mahdollisuuksien ja olettamusten varastona, johon sis\u00e4ltyy sek\u00e4 se, mit\u00e4 ei koskaan ole ollut olemassa ett\u00e4 se, mik\u00e4 ei koskaan tule olemaan, mutta joka olisi voinut olla olemassa.\u201d (Italo Calvino, Kuusi muistiota seuraavalle vuosituhannelle, 1998, 95)<\/p>\n<p dir=\"ltr\">Uneksin puista\u00a0on tilallinen narratiivi, jossa fyysinen todellisuus ja unien tietoisuus kohtaavat, kietoutuvat yhteen ja saavat aikaan jotakin erityist\u00e4, kokemuksellista t\u00e4myytt\u00e4, tihentymist\u00e4. Se on yht\u00e4aikaista l\u00e4sn\u00e4oloa ja jatkuvaa etsimist\u00e4, koordinaattien ker\u00e4\u00e4mist\u00e4 ja hetkitt\u00e4ist\u00e4 unohtamista, ainaista ja silti iloista hakemista ja hukkaamista.\u00a0Uneksin puista\u00a0on matka t\u00e4ss\u00e4 ja nyt \u2013 yksitt\u00e4isest\u00e4 ja yksil\u00f6llisest\u00e4 yleiseen ja myyttien maailmaan ja aina, aina takaisin uudella jengalla, virityksell\u00e4 palautuen, v\u00e4littyen.<\/p>\n<p dir=\"ltr\">N\u00e4yttely hahmottuu tarkoituksellisesti monien ilmaisumuotojen kautta ja my\u00f6t\u00e4. Tarinaa kerrotaan ja se hahmottuu niin maalausten, tilateosten kuin tilassa tapahtuvien tekstien avulla, ennen kaikkea niiden vuorovaikutuksessa. Eri tavat k\u00e4sitell\u00e4 yhteisess\u00e4 horisontissa samaa asiaa eiv\u00e4t asetu vain passiivisesti toinen toisensa vierelle, eik\u00e4 my\u00f6sk\u00e4\u00e4n tielle, vaan ne luovat intuitiivisen tilan ja tilallisuuden, jossa n\u00e4yttely tulee tapahtumaksi, omakohtaiseksi tilaisuudeksi kuin toden ja unen v\u00e4litilassa; siin\u00e4 oudon tutussa ei oikeastaan miss\u00e4\u00e4n ja silti selke\u00e4sti tietyss\u00e4 jossakin kun olemme juuri her\u00e4nneet tai kutakuinkin vaihtaneet unen ja unelmien puolelle. Se on harkittua ja hallittua rytmin vaihtelua, kiivasta tai hiljaista, l\u00e4helle tuloa ja et\u00e4isyyden hakua \u2013 mukana oloa, heitt\u00e4ytymist\u00e4 kohti kontrasteja, sit\u00e4 itse\u00e4\u00e4n, siis liikett\u00e4 syv\u00e4st\u00e4 p\u00e4\u00e4st\u00e4 kohti valoa, iloa.<\/p>\n<p dir=\"ltr\">Uneksin puista\u00a0on korostuneesti kollektiivinen kutsu j\u00e4sent\u00e4\u00e4 arkea, sit\u00e4 yhdess\u00e4 jaettua ja\u00a0 samanaikaista joskaan ei koskaan symmetrist\u00e4 armollisuutta ja armottomuutta tavoilla, jotka kohtaavat t\u00e4m\u00e4n hetken kriisien tummat, hyvin tummat varjot ja j\u00e4\u00e4t\u00e4v\u00e4t umpikujat jotka kuitenkin, siltikin on mahdollista aktivoida ja aktualisoida sis\u00e4\u00e4np\u00e4in k\u00e4\u00e4ntymisen ja luovuttamisen sijaan irtiotoiksi, huokoisiksi, hengitt\u00e4viksi tiloiksi, tarinoiksi. Se ei ole pakoa, ei arjen raihnaisen rupisuuden kieltoa vaan kaikesta huolimatta liikett\u00e4 jotakin mit\u00e4 ja mik\u00e4 ei viel\u00e4 ole mutta joka ehk\u00e4 joskus ja jotenkin voisi kenties olla.<\/p>\n<p dir=\"ltr\">Uneksi puista\u00a0on n\u00e4yttely ajallisen kokemuksen kaaresta, niin pitk\u00e4st\u00e4 ajasta kuin hetkellisyydest\u00e4kin, siit\u00e4 mist\u00e4 tulemme ja miss\u00e4 olemme, kuten my\u00f6s siit\u00e4 mit\u00e4 sielt\u00e4 seuraavasta kaarteesta on odotettavissa, uskon ja ep\u00e4ilyn vuorovedess\u00e4, kohti katsoen ja kohdistuen, siin\u00e4 syventyen, siihen luottaen.<\/p>\n<p dir=\"ltr\">\u2013 Mika Hannula<\/p>\n<p dir=\"ltr\">ROP\u00a0+ M. Hannula<br \/>\nUneksin puista<br \/>\nGalleria Himmelblaun Puuvillasali<br \/>\nFinlaysoninkuja 9, 2B kerros<br \/>\nFinlaysonin alue, Tampere<br \/>\nAvoinna: ke\u2013pe 11\u201318, la\u2013su 12\u201316<br \/>\nSuljettu: ma, ti<\/p>\n<p dir=\"ltr\"><img loading=\"lazy\" decoding=\"async\" class=\"alignnone size-full wp-image-2395\" src=\"https:\/\/himmelblau.fi\/wp-content\/uploads\/IMG_2432.jpg\" alt=\"\" width=\"1920\" height=\"1046\" srcset=\"https:\/\/himmelblau.fi\/wp-content\/uploads\/IMG_2432.jpg 1920w, https:\/\/himmelblau.fi\/wp-content\/uploads\/IMG_2432-500x272.jpg 500w, https:\/\/himmelblau.fi\/wp-content\/uploads\/IMG_2432-1024x558.jpg 1024w, https:\/\/himmelblau.fi\/wp-content\/uploads\/IMG_2432-768x418.jpg 768w, https:\/\/himmelblau.fi\/wp-content\/uploads\/IMG_2432-1536x837.jpg 1536w, https:\/\/himmelblau.fi\/wp-content\/uploads\/IMG_2432-750x409.jpg 750w, https:\/\/himmelblau.fi\/wp-content\/uploads\/IMG_2432-400x218.jpg 400w, https:\/\/himmelblau.fi\/wp-content\/uploads\/IMG_2432-430x234.jpg 430w, https:\/\/himmelblau.fi\/wp-content\/uploads\/IMG_2432-150x82.jpg 150w, https:\/\/himmelblau.fi\/wp-content\/uploads\/IMG_2432-100x54.jpg 100w\" sizes=\"(max-width: 1920px) 100vw, 1920px\" \/> <img loading=\"lazy\" decoding=\"async\" class=\"alignnone size-full wp-image-2397\" src=\"https:\/\/himmelblau.fi\/wp-content\/uploads\/IMG_2428.jpg\" alt=\"\" width=\"1920\" height=\"1328\" srcset=\"https:\/\/himmelblau.fi\/wp-content\/uploads\/IMG_2428.jpg 1920w, https:\/\/himmelblau.fi\/wp-content\/uploads\/IMG_2428-500x346.jpg 500w, https:\/\/himmelblau.fi\/wp-content\/uploads\/IMG_2428-1024x708.jpg 1024w, https:\/\/himmelblau.fi\/wp-content\/uploads\/IMG_2428-768x531.jpg 768w, https:\/\/himmelblau.fi\/wp-content\/uploads\/IMG_2428-1536x1062.jpg 1536w, https:\/\/himmelblau.fi\/wp-content\/uploads\/IMG_2428-750x519.jpg 750w, https:\/\/himmelblau.fi\/wp-content\/uploads\/IMG_2428-400x277.jpg 400w, https:\/\/himmelblau.fi\/wp-content\/uploads\/IMG_2428-430x297.jpg 430w, https:\/\/himmelblau.fi\/wp-content\/uploads\/IMG_2428-150x104.jpg 150w, https:\/\/himmelblau.fi\/wp-content\/uploads\/IMG_2428-100x69.jpg 100w\" sizes=\"(max-width: 1920px) 100vw, 1920px\" \/><\/p>\n","protected":false},"excerpt":{"rendered":"<p>Taiteilijatapaaminen: ROP\u00a0lauantaina 16.9. kello 13:30 N\u00e4yttelyss\u00e4 Uneksin puista Galleria Himmelblaun Puuvillasalissa, Finlaysoninkuja 9, kerros 2B Vapaa p\u00e4\u00e4sy. Huom, kello 13 alkaa Erno Peltosen taiteilijatapaaminen. L\u00e4mpim\u00e4sti tervetuloa kumpaankin tilaisuuteen! &#8211; &#8211; [&hellip;]<\/p>\n","protected":false},"author":1,"featured_media":2397,"comment_status":"closed","ping_status":"closed","sticky":false,"template":"","format":"standard","meta":{"_acf_changed":false,"_et_pb_use_builder":"","_et_pb_old_content":"","_et_gb_content_width":"","_exactmetrics_skip_tracking":false,"_exactmetrics_sitenote_active":false,"_exactmetrics_sitenote_note":"","_exactmetrics_sitenote_category":0,"footnotes":""},"categories":[7],"tags":[],"class_list":["post-2394","post","type-post","status-publish","format-standard","has-post-thumbnail","hentry","category-uutinen"],"acf":[],"_links":{"self":[{"href":"https:\/\/himmelblau.fi\/en\/wp-json\/wp\/v2\/posts\/2394","targetHints":{"allow":["GET"]}}],"collection":[{"href":"https:\/\/himmelblau.fi\/en\/wp-json\/wp\/v2\/posts"}],"about":[{"href":"https:\/\/himmelblau.fi\/en\/wp-json\/wp\/v2\/types\/post"}],"author":[{"embeddable":true,"href":"https:\/\/himmelblau.fi\/en\/wp-json\/wp\/v2\/users\/1"}],"replies":[{"embeddable":true,"href":"https:\/\/himmelblau.fi\/en\/wp-json\/wp\/v2\/comments?post=2394"}],"version-history":[{"count":1,"href":"https:\/\/himmelblau.fi\/en\/wp-json\/wp\/v2\/posts\/2394\/revisions"}],"predecessor-version":[{"id":2399,"href":"https:\/\/himmelblau.fi\/en\/wp-json\/wp\/v2\/posts\/2394\/revisions\/2399"}],"wp:featuredmedia":[{"embeddable":true,"href":"https:\/\/himmelblau.fi\/en\/wp-json\/wp\/v2\/media\/2397"}],"wp:attachment":[{"href":"https:\/\/himmelblau.fi\/en\/wp-json\/wp\/v2\/media?parent=2394"}],"wp:term":[{"taxonomy":"category","embeddable":true,"href":"https:\/\/himmelblau.fi\/en\/wp-json\/wp\/v2\/categories?post=2394"},{"taxonomy":"post_tag","embeddable":true,"href":"https:\/\/himmelblau.fi\/en\/wp-json\/wp\/v2\/tags?post=2394"}],"curies":[{"name":"wp","href":"https:\/\/api.w.org\/{rel}","templated":true}]}}