{"id":2401,"date":"2023-09-23T16:34:46","date_gmt":"2023-09-23T13:34:46","guid":{"rendered":"https:\/\/himmelblau.fi\/?p=2401"},"modified":"2023-11-05T13:52:20","modified_gmt":"2023-11-05T11:52:20","slug":"ilkka-vaatti-mundus-8-10-29-10","status":"publish","type":"post","link":"https:\/\/himmelblau.fi\/en\/ilkka-vaatti-mundus-8-10-29-10\/","title":{"rendered":"Ilkka V\u00e4\u00e4tti: Mundus 8.10.-29.10."},"content":{"rendered":"<div>\n<p><a><strong>Ilkka V\u00e4\u00e4tin<\/strong> Mundus-n\u00e4yttely esittelee laajan kattauksen tunnetun taiteilijan v\u00e4rikyll\u00e4isi\u00e4 maalauksia. V\u00e4\u00e4tti on ty\u00f6st\u00e4nyt Mundus-teossarjaa vuodesta 1993. Kuvat ovat er\u00e4\u00e4nlaisia kosmogrammeja \u2013 maailmankuvia. V\u00e4\u00e4tti haluaa tehd\u00e4 olemassa olevista kuvista henkil\u00f6kohtaisia tulkintoja. V\u00e4\u00e4tti kertoo olevansa kulttuurinomadi ja vanhan geometrisen tradition jatkaja. H\u00e4nen kuva-aiheensa l\u00f6ytyv\u00e4t ihmiskunnan muistista.<\/a><\/p>\n<p>Galleria Himmelblau<br \/>\nFinlaysoninkuja 9, hissill\u00e4 kerrokseen 2B<\/p>\n<p>Vapaa p\u00e4\u00e4sy.<\/p>\n<p>Avoinna: ke-pe 11-18, la-su 12-16<br \/>\nSuljettu: ma, ti<\/p>\n<p>Ps. Koirayst\u00e4v\u00e4llinen galleria.<\/p>\n<\/div>\n<div><\/div>\n<div><img loading=\"lazy\" decoding=\"async\" class=\"alignnone size-full wp-image-2402\" src=\"https:\/\/himmelblau.fi\/wp-content\/uploads\/Ilkka-Vaatti-Ursula-2023.jpg\" alt=\"\" width=\"1124\" height=\"1269\" srcset=\"https:\/\/himmelblau.fi\/wp-content\/uploads\/Ilkka-Vaatti-Ursula-2023.jpg 1124w, https:\/\/himmelblau.fi\/wp-content\/uploads\/Ilkka-Vaatti-Ursula-2023-443x500.jpg 443w, https:\/\/himmelblau.fi\/wp-content\/uploads\/Ilkka-Vaatti-Ursula-2023-907x1024.jpg 907w, https:\/\/himmelblau.fi\/wp-content\/uploads\/Ilkka-Vaatti-Ursula-2023-768x867.jpg 768w, https:\/\/himmelblau.fi\/wp-content\/uploads\/Ilkka-Vaatti-Ursula-2023-750x847.jpg 750w, https:\/\/himmelblau.fi\/wp-content\/uploads\/Ilkka-Vaatti-Ursula-2023-400x452.jpg 400w, https:\/\/himmelblau.fi\/wp-content\/uploads\/Ilkka-Vaatti-Ursula-2023-430x485.jpg 430w, https:\/\/himmelblau.fi\/wp-content\/uploads\/Ilkka-Vaatti-Ursula-2023-150x169.jpg 150w, https:\/\/himmelblau.fi\/wp-content\/uploads\/Ilkka-Vaatti-Ursula-2023-100x113.jpg 100w\" sizes=\"(max-width: 1124px) 100vw, 1124px\" \/><\/div>\n","protected":false},"excerpt":{"rendered":"<p>Ilkka V\u00e4\u00e4tin Mundus-n\u00e4yttely esittelee laajan kattauksen tunnetun taiteilijan v\u00e4rikyll\u00e4isi\u00e4 maalauksia. V\u00e4\u00e4tti on ty\u00f6st\u00e4nyt Mundus-teossarjaa vuodesta 1993. Kuvat ovat er\u00e4\u00e4nlaisia kosmogrammeja \u2013 maailmankuvia. V\u00e4\u00e4tti haluaa tehd\u00e4 olemassa olevista kuvista henkil\u00f6kohtaisia tulkintoja. [&hellip;]<\/p>\n","protected":false},"author":1,"featured_media":2402,"comment_status":"closed","ping_status":"closed","sticky":false,"template":"","format":"standard","meta":{"_acf_changed":false,"_et_pb_use_builder":"","_et_pb_old_content":"","_et_gb_content_width":"","_exactmetrics_skip_tracking":false,"_exactmetrics_sitenote_active":false,"_exactmetrics_sitenote_note":"","_exactmetrics_sitenote_category":0,"footnotes":""},"categories":[7],"tags":[],"class_list":["post-2401","post","type-post","status-publish","format-standard","has-post-thumbnail","hentry","category-uutinen"],"acf":[],"_links":{"self":[{"href":"https:\/\/himmelblau.fi\/en\/wp-json\/wp\/v2\/posts\/2401","targetHints":{"allow":["GET"]}}],"collection":[{"href":"https:\/\/himmelblau.fi\/en\/wp-json\/wp\/v2\/posts"}],"about":[{"href":"https:\/\/himmelblau.fi\/en\/wp-json\/wp\/v2\/types\/post"}],"author":[{"embeddable":true,"href":"https:\/\/himmelblau.fi\/en\/wp-json\/wp\/v2\/users\/1"}],"replies":[{"embeddable":true,"href":"https:\/\/himmelblau.fi\/en\/wp-json\/wp\/v2\/comments?post=2401"}],"version-history":[{"count":2,"href":"https:\/\/himmelblau.fi\/en\/wp-json\/wp\/v2\/posts\/2401\/revisions"}],"predecessor-version":[{"id":2456,"href":"https:\/\/himmelblau.fi\/en\/wp-json\/wp\/v2\/posts\/2401\/revisions\/2456"}],"wp:featuredmedia":[{"embeddable":true,"href":"https:\/\/himmelblau.fi\/en\/wp-json\/wp\/v2\/media\/2402"}],"wp:attachment":[{"href":"https:\/\/himmelblau.fi\/en\/wp-json\/wp\/v2\/media?parent=2401"}],"wp:term":[{"taxonomy":"category","embeddable":true,"href":"https:\/\/himmelblau.fi\/en\/wp-json\/wp\/v2\/categories?post=2401"},{"taxonomy":"post_tag","embeddable":true,"href":"https:\/\/himmelblau.fi\/en\/wp-json\/wp\/v2\/tags?post=2401"}],"curies":[{"name":"wp","href":"https:\/\/api.w.org\/{rel}","templated":true}]}}