{"id":2412,"date":"2023-10-13T17:49:46","date_gmt":"2023-10-13T14:49:46","guid":{"rendered":"https:\/\/himmelblau.fi\/?p=2412"},"modified":"2023-11-05T13:53:00","modified_gmt":"2023-11-05T11:53:00","slug":"taiteilijatapaaminen-ilkka-vaatti-su-29-10-kello-14","status":"publish","type":"post","link":"https:\/\/himmelblau.fi\/en\/taiteilijatapaaminen-ilkka-vaatti-su-29-10-kello-14\/","title":{"rendered":"Taiteilijatapaaminen: Ilkka V\u00e4\u00e4tti &#8211; su 29.10. kello 14"},"content":{"rendered":"<p>Tervetuloa tapaamaan taiteilija<strong> Ilkka V\u00e4\u00e4tti\u00e4<\/strong> ja kuulemaan n\u00e4yttelyst\u00e4.<\/p>\n<p>Himmelblaun n\u00e4yttelyn my\u00f6t\u00e4 V\u00e4\u00e4tin teossarja Mundus t\u00e4ytt\u00e4\u00e4 jo 30 vuotta.<\/p>\n<p>Esill\u00e4 oleva kokonaisuus kattaa kaksi n\u00e4yttelysalia sek\u00e4 Grafiikanpajan yl\u00e4tasanteen.<\/p>\n<p>Vapaa p\u00e4\u00e4sy.<\/p>\n<p><img loading=\"lazy\" decoding=\"async\" class=\"alignnone size-full wp-image-2413\" src=\"https:\/\/himmelblau.fi\/wp-content\/uploads\/image0-1.jpeg\" alt=\"\" width=\"1920\" height=\"1080\" srcset=\"https:\/\/himmelblau.fi\/wp-content\/uploads\/image0-1.jpeg 1920w, https:\/\/himmelblau.fi\/wp-content\/uploads\/image0-1-500x281.jpeg 500w, https:\/\/himmelblau.fi\/wp-content\/uploads\/image0-1-1024x576.jpeg 1024w, https:\/\/himmelblau.fi\/wp-content\/uploads\/image0-1-768x432.jpeg 768w, https:\/\/himmelblau.fi\/wp-content\/uploads\/image0-1-1536x864.jpeg 1536w, https:\/\/himmelblau.fi\/wp-content\/uploads\/image0-1-750x422.jpeg 750w, https:\/\/himmelblau.fi\/wp-content\/uploads\/image0-1-400x225.jpeg 400w, https:\/\/himmelblau.fi\/wp-content\/uploads\/image0-1-430x242.jpeg 430w, https:\/\/himmelblau.fi\/wp-content\/uploads\/image0-1-150x84.jpeg 150w, https:\/\/himmelblau.fi\/wp-content\/uploads\/image0-1-100x56.jpeg 100w\" sizes=\"(max-width: 1920px) 100vw, 1920px\" \/><\/p>\n","protected":false},"excerpt":{"rendered":"<p>Tervetuloa tapaamaan taiteilija Ilkka V\u00e4\u00e4tti\u00e4 ja kuulemaan n\u00e4yttelyst\u00e4. Himmelblaun n\u00e4yttelyn my\u00f6t\u00e4 V\u00e4\u00e4tin teossarja Mundus t\u00e4ytt\u00e4\u00e4 jo 30 vuotta. Esill\u00e4 oleva kokonaisuus kattaa kaksi n\u00e4yttelysalia sek\u00e4 Grafiikanpajan yl\u00e4tasanteen. Vapaa p\u00e4\u00e4sy.<\/p>\n","protected":false},"author":1,"featured_media":2413,"comment_status":"closed","ping_status":"closed","sticky":false,"template":"","format":"standard","meta":{"_acf_changed":false,"_et_pb_use_builder":"","_et_pb_old_content":"","_et_gb_content_width":"","_exactmetrics_skip_tracking":false,"_exactmetrics_sitenote_active":false,"_exactmetrics_sitenote_note":"","_exactmetrics_sitenote_category":0,"footnotes":""},"categories":[7],"tags":[],"class_list":["post-2412","post","type-post","status-publish","format-standard","has-post-thumbnail","hentry","category-uutinen"],"acf":[],"_links":{"self":[{"href":"https:\/\/himmelblau.fi\/en\/wp-json\/wp\/v2\/posts\/2412","targetHints":{"allow":["GET"]}}],"collection":[{"href":"https:\/\/himmelblau.fi\/en\/wp-json\/wp\/v2\/posts"}],"about":[{"href":"https:\/\/himmelblau.fi\/en\/wp-json\/wp\/v2\/types\/post"}],"author":[{"embeddable":true,"href":"https:\/\/himmelblau.fi\/en\/wp-json\/wp\/v2\/users\/1"}],"replies":[{"embeddable":true,"href":"https:\/\/himmelblau.fi\/en\/wp-json\/wp\/v2\/comments?post=2412"}],"version-history":[{"count":1,"href":"https:\/\/himmelblau.fi\/en\/wp-json\/wp\/v2\/posts\/2412\/revisions"}],"predecessor-version":[{"id":2415,"href":"https:\/\/himmelblau.fi\/en\/wp-json\/wp\/v2\/posts\/2412\/revisions\/2415"}],"wp:featuredmedia":[{"embeddable":true,"href":"https:\/\/himmelblau.fi\/en\/wp-json\/wp\/v2\/media\/2413"}],"wp:attachment":[{"href":"https:\/\/himmelblau.fi\/en\/wp-json\/wp\/v2\/media?parent=2412"}],"wp:term":[{"taxonomy":"category","embeddable":true,"href":"https:\/\/himmelblau.fi\/en\/wp-json\/wp\/v2\/categories?post=2412"},{"taxonomy":"post_tag","embeddable":true,"href":"https:\/\/himmelblau.fi\/en\/wp-json\/wp\/v2\/tags?post=2412"}],"curies":[{"name":"wp","href":"https:\/\/api.w.org\/{rel}","templated":true}]}}