{"id":2426,"date":"2023-11-05T10:16:06","date_gmt":"2023-11-05T08:16:06","guid":{"rendered":"https:\/\/himmelblau.fi\/?p=2426"},"modified":"2023-11-05T13:51:31","modified_gmt":"2023-11-05T11:51:31","slug":"kaisaleena-halinen-symbiooseja-ja-paradokseja-galleria-himmelblau-5-11-3-12","status":"publish","type":"post","link":"https:\/\/himmelblau.fi\/en\/kaisaleena-halinen-symbiooseja-ja-paradokseja-galleria-himmelblau-5-11-3-12\/","title":{"rendered":"Kaisaleena Halinen: Symbiooseja ja paradokseja &#8211; Galleria Himmelblau 5.11.\u20133.12."},"content":{"rendered":"<p dir=\"ltr\"><strong>Kaisaleena Halisen<\/strong> n\u00e4yttely Galleria Himmelblaussa on levitt\u00e4ytynyt kahteen tilaan. Vanhan puuvillasalin teokset ovat inspiroituneet Finlaysonin tehtaan historiasta. Tilaan on viritetty \u00e4\u00e4nimaisema, jonka Halinen on toteuttanut yhteisty\u00f6ss\u00e4 <strong>Jani-Matti Salon<\/strong> kanssa. Teos pohjautuu Yleisradion vuonna 1990 tehtaassa tekem\u00e4\u00e4n nauhoitukseen. Finlaysonin tehdasalue muodosti aikanaan oman pienoisyhteiskuntansa, joka muokkasi ihmisen identiteetti\u00e4 hyvin vahvasti. Tehdas tarjosi ty\u00f6t\u00e4 ja toimeentuloa, mutta ty\u00f6 oli raskasta, p\u00e4iv\u00e4t pitki\u00e4 ja koneiden louskutus korviahuumaavaa.<\/p>\n<p dir=\"ltr\">Vaikka ty\u00f6 tehtaassa j\u00e4tti l\u00e4htem\u00e4tt\u00f6m\u00e4t j\u00e4lkens\u00e4 ty\u00f6ntekij\u00f6ihin, on muistumia ty\u00f6l\u00e4isist\u00e4 vastaavasti n\u00e4ht\u00e4viss\u00e4 tehtaan rakenteissa. Halinen korostaa t\u00e4t\u00e4 lyyrisesti esimerkiksi hiusikkunateoksissa, joiden materiaalina k\u00e4ytettyj\u00e4 hiuksia taiteilija on ty\u00f6st\u00e4nyt perinteisi\u00e4 k\u00e4sity\u00f6menetelmi\u00e4 hy\u00f6dynt\u00e4en karstaamalla ja v\u00e4rttin\u00e4ll\u00e4. Tehtaissa n\u00e4m\u00e4 prosessit oli koneellistettu, mutta periaate oli sama. Hiusikkunat korostavat sit\u00e4 symbioottista suhdetta, joka tehtaalla ja sen ty\u00f6l\u00e4isill\u00e4 oli.<\/p>\n<p dir=\"ltr\">Vuorovaikutteisen yhteiselon lis\u00e4ksi Halinen on kiinnostunut paradokseista, ja puuvillasalin kysymyksenasettelut ulottavatkin rihmastonsa my\u00f6s gallerian teoksiin. Loogisen ja ep\u00e4loogisen rajank\u00e4ynti ilmenee selkeimmin teoksessa\u00a0Betonirumpu. Betoninen rumpu ei soi, eik\u00e4 lasikapuloilla k\u00e4rsi ly\u00f6d\u00e4. Paradoksien avulla voikin havainnollistaa, kuinka vaikeita ja monitahoisia asiat yleens\u00e4 ovat. Helppoja ratkaisuja ei ole tarjolla, ja n\u00e4kemyksen k\u00e4rjist\u00e4minen vie usein viestilt\u00e4 ter\u00e4n.<\/p>\n<p dir=\"ltr\">Kaisaleena Halisen taiteessa puhuttelevinta onkin teosten tapa vihjata ja ehdottaa. Esimerkiksi monitulkintaiset pylv\u00e4steokset her\u00e4tt\u00e4v\u00e4t mielikuvia niin sivistyksest\u00e4 kuin yhteiskunnan tukirakenteista, mutta orgaanisten viitteidens\u00e4 my\u00f6t\u00e4 ne laajentavat tulkintahorisonttia ymp\u00e4rist\u00f6n haavoittuvuuden suuntaan. Hienovaraiset symbioottiset suhteet ja toisaalta n\u00e4enn\u00e4isen mahdottomien asioiden yhdist\u00e4minen aktivoivat katsojan omaa muistojen kudelmaa ja tarjoavat reflektiopinnan, johon ymp\u00e4r\u00f6iv\u00e4 maailma kuvastuu. Halinen ei taiteessaan turvaudu yksinkertaistaviin yleistyksiin tai n\u00e4enn\u00e4isiin vastakkainasetteluihin, joihin yhteiskunnallinen keskustelu valitettavan usein tyrehtyy.<\/p>\n<p dir=\"ltr\">Tomi Moisio, FT, taidehistorioitsija<\/p>\n<p dir=\"ltr\">N\u00e4yttely\u00e4 on tukenut Taiteen edist\u00e4miskeskus.<\/p>\n<p dir=\"ltr\">Taiteilija kiitt\u00e4\u00e4:\u00a0Antti ja Veikka Tanttu, Jani-Matti Salo, Tomi Moisio, Arto Hyyryl\u00e4inen, Tomi Pelkonen, Kirsti Taiviola, Zachary Compton, Kalle Jalava, Eero, Tomi ja Maria Heikkil\u00e4, Janne Halinen, Katja Thomson, Pertti ja Max Ketonen, Katja Villemonteix, Marjatta Halinen, Markku Kari, Janna Lindfors sek\u00e4 Espoon kaupunki\/Luonnonhoitoyksikk\u00f6.<\/p>\n<p dir=\"ltr\">N\u00e4yttely on avoinna 5.11.\u20133.12.<br \/>\nAvoinna: ke\u2013pe 11\u201318, la\u2013su 12\u201316<br \/>\nSuljettu: ma, ti<\/p>\n<p dir=\"ltr\">Galleria Himmelblau<br \/>\nFinlaysoninkuja 9, 2B kerros<br \/>\nFinlaysonin alue, Tampere<\/p>\n","protected":false},"excerpt":{"rendered":"<p>Kaisaleena Halisen n\u00e4yttely Galleria Himmelblaussa on levitt\u00e4ytynyt kahteen tilaan. Vanhan puuvillasalin teokset ovat inspiroituneet Finlaysonin tehtaan historiasta. Tilaan on viritetty \u00e4\u00e4nimaisema, jonka Halinen on toteuttanut yhteisty\u00f6ss\u00e4 Jani-Matti Salon kanssa. Teos [&hellip;]<\/p>\n","protected":false},"author":1,"featured_media":2418,"comment_status":"closed","ping_status":"closed","sticky":false,"template":"","format":"standard","meta":{"_acf_changed":false,"_et_pb_use_builder":"","_et_pb_old_content":"","_et_gb_content_width":"","_exactmetrics_skip_tracking":false,"_exactmetrics_sitenote_active":false,"_exactmetrics_sitenote_note":"","_exactmetrics_sitenote_category":0,"footnotes":""},"categories":[7],"tags":[],"class_list":["post-2426","post","type-post","status-publish","format-standard","has-post-thumbnail","hentry","category-uutinen"],"acf":[],"_links":{"self":[{"href":"https:\/\/himmelblau.fi\/en\/wp-json\/wp\/v2\/posts\/2426","targetHints":{"allow":["GET"]}}],"collection":[{"href":"https:\/\/himmelblau.fi\/en\/wp-json\/wp\/v2\/posts"}],"about":[{"href":"https:\/\/himmelblau.fi\/en\/wp-json\/wp\/v2\/types\/post"}],"author":[{"embeddable":true,"href":"https:\/\/himmelblau.fi\/en\/wp-json\/wp\/v2\/users\/1"}],"replies":[{"embeddable":true,"href":"https:\/\/himmelblau.fi\/en\/wp-json\/wp\/v2\/comments?post=2426"}],"version-history":[{"count":1,"href":"https:\/\/himmelblau.fi\/en\/wp-json\/wp\/v2\/posts\/2426\/revisions"}],"predecessor-version":[{"id":2427,"href":"https:\/\/himmelblau.fi\/en\/wp-json\/wp\/v2\/posts\/2426\/revisions\/2427"}],"wp:featuredmedia":[{"embeddable":true,"href":"https:\/\/himmelblau.fi\/en\/wp-json\/wp\/v2\/media\/2418"}],"wp:attachment":[{"href":"https:\/\/himmelblau.fi\/en\/wp-json\/wp\/v2\/media?parent=2426"}],"wp:term":[{"taxonomy":"category","embeddable":true,"href":"https:\/\/himmelblau.fi\/en\/wp-json\/wp\/v2\/categories?post=2426"},{"taxonomy":"post_tag","embeddable":true,"href":"https:\/\/himmelblau.fi\/en\/wp-json\/wp\/v2\/tags?post=2426"}],"curies":[{"name":"wp","href":"https:\/\/api.w.org\/{rel}","templated":true}]}}