{"id":2428,"date":"2023-11-05T10:19:04","date_gmt":"2023-11-05T08:19:04","guid":{"rendered":"https:\/\/himmelblau.fi\/?p=2428"},"modified":"2023-11-05T13:51:01","modified_gmt":"2023-11-05T11:51:01","slug":"ryhmanayttely-toinen-aika-11-11-17-12-2023-galleria-himmelblaun-kutomosalit","status":"publish","type":"post","link":"https:\/\/himmelblau.fi\/en\/ryhmanayttely-toinen-aika-11-11-17-12-2023-galleria-himmelblaun-kutomosalit\/","title":{"rendered":"Ryhm\u00e4n\u00e4yttely Toinen aika &#8211; 11.11.\u201317.12.2023 &#8211; Galleria Himmelblaun Kutomosalit"},"content":{"rendered":"<div>\n<p dir=\"ltr\">Ryhm\u00e4n\u00e4yttely <em>Toinen aika<\/em> esittelee laajan ja kiinnostavan kattauksen uusinta nykytaidetta 16:lta taiteilijalta. N\u00e4yttely levitt\u00e4ytyy kahteen Kutomosaliin ja on osa Galleria Himmelblaun talven ohjelmistoa. Esill\u00e4 on maalauksia, piirroksia, taidegrafiikkaa, installaatioita, kollaaseja, veistoksia, video- ja valokuvataidetta sek\u00e4 digitaalisia maalauksia.<\/p>\n<p dir=\"ltr\">Ryhm\u00e4n\u00e4yttelyn taiteilijoissa on mukana niin taidealalla pidemp\u00e4\u00e4n ty\u00f6skennelleit\u00e4 kuin nuoria ja pian valmistuvia taiteilijoita. Taideopiskelijoita on mukana Kankaanp\u00e4\u00e4n taidekoulusta (SAMK) sek\u00e4 TAMKin kansainv\u00e4liselt\u00e4 Fine Arts -linjalta. Tekij\u00f6it\u00e4 yhdist\u00e4\u00e4 Himmelblaun tuottama taidetapahtuma Finlayson Art Area, jota he kaikki ovat olleet tekem\u00e4ss\u00e4 kes\u00e4ll\u00e4 2023.<\/p>\n<p dir=\"ltr\">N\u00e4yttelyn taiteilijat:<\/p>\n<p dir=\"ltr\"><strong>Karina Boissonnier<\/strong><br \/>\n<strong>Suttasinee Chokwasin<\/strong><br \/>\n<strong>Veera Hanhiniemi<\/strong><br \/>\n<strong>isabetsi<\/strong><br \/>\n<strong>Veera Jokitalo<\/strong><br \/>\n<strong>Saija Kallioj\u00e4rvi<\/strong><br \/>\n<strong>Roni Kuulasvuo<\/strong><br \/>\n<strong>Marika Lahdenper\u00e4<\/strong><br \/>\n<strong>Janna Lindfors<\/strong><br \/>\n<strong>Julia Porra<\/strong><br \/>\n<strong>Anniina Puiras<\/strong><br \/>\n<strong>Misa Saraste<\/strong><br \/>\n<strong>Miisa Tarkanm\u00e4ki<\/strong><br \/>\n<strong>Silja Tusa<\/strong><br \/>\n<strong>K. Tsch\u00e4hr\u00e4<\/strong><br \/>\n<strong>Mikaela V\u00e4lipakka<\/strong><\/p>\n<p dir=\"ltr\"><strong>Ryhm\u00e4n\u00e4yttely Toinen aika<\/strong><\/p>\n<p dir=\"ltr\">11.11.\u201317.12.2023<br \/>\nGalleria Himmelblaun Kutomosalit<br \/>\nFinlaysoninkuja 9, 3B kerros<br \/>\nFinlaysonin alue, Tampere<\/p>\n<p dir=\"ltr\">Avoinna: ke\u2013pe 11\u201318, la\u2013su 12\u201316<br \/>\nSuljettu: ma, ti ja 6.12.<\/p>\n<p dir=\"ltr\">Vapaa p\u00e4\u00e4sy.<\/p>\n<p><img loading=\"lazy\" decoding=\"async\" class=\"alignnone size-full wp-image-2429\" src=\"https:\/\/himmelblau.fi\/wp-content\/uploads\/valitilassa2.jpg\" alt=\"\" width=\"1000\" height=\"1500\" srcset=\"https:\/\/himmelblau.fi\/wp-content\/uploads\/valitilassa2.jpg 1000w, https:\/\/himmelblau.fi\/wp-content\/uploads\/valitilassa2-333x500.jpg 333w, https:\/\/himmelblau.fi\/wp-content\/uploads\/valitilassa2-683x1024.jpg 683w, https:\/\/himmelblau.fi\/wp-content\/uploads\/valitilassa2-768x1152.jpg 768w, https:\/\/himmelblau.fi\/wp-content\/uploads\/valitilassa2-750x1125.jpg 750w, https:\/\/himmelblau.fi\/wp-content\/uploads\/valitilassa2-400x600.jpg 400w, https:\/\/himmelblau.fi\/wp-content\/uploads\/valitilassa2-430x645.jpg 430w, https:\/\/himmelblau.fi\/wp-content\/uploads\/valitilassa2-150x225.jpg 150w, https:\/\/himmelblau.fi\/wp-content\/uploads\/valitilassa2-100x150.jpg 100w\" sizes=\"(max-width: 1000px) 100vw, 1000px\" \/><br \/>\n<span id=\"gmail-docs-internal-guid-d02bbe2b-7fff-cae1-3080-d35f0427eb28\"><\/span><\/p>\n<p>Kuva: Saija Kallioj\u00e4rvi<\/p>\n<\/div>\n","protected":false},"excerpt":{"rendered":"<p>Ryhm\u00e4n\u00e4yttely Toinen aika esittelee laajan ja kiinnostavan kattauksen uusinta nykytaidetta 16:lta taiteilijalta. N\u00e4yttely levitt\u00e4ytyy kahteen Kutomosaliin ja on osa Galleria Himmelblaun talven ohjelmistoa. Esill\u00e4 on maalauksia, piirroksia, taidegrafiikkaa, installaatioita, kollaaseja, [&hellip;]<\/p>\n","protected":false},"author":1,"featured_media":2429,"comment_status":"closed","ping_status":"closed","sticky":false,"template":"","format":"standard","meta":{"_acf_changed":false,"_et_pb_use_builder":"","_et_pb_old_content":"","_et_gb_content_width":"","_exactmetrics_skip_tracking":false,"_exactmetrics_sitenote_active":false,"_exactmetrics_sitenote_note":"","_exactmetrics_sitenote_category":0,"footnotes":""},"categories":[7],"tags":[],"class_list":["post-2428","post","type-post","status-publish","format-standard","has-post-thumbnail","hentry","category-uutinen"],"acf":[],"_links":{"self":[{"href":"https:\/\/himmelblau.fi\/en\/wp-json\/wp\/v2\/posts\/2428","targetHints":{"allow":["GET"]}}],"collection":[{"href":"https:\/\/himmelblau.fi\/en\/wp-json\/wp\/v2\/posts"}],"about":[{"href":"https:\/\/himmelblau.fi\/en\/wp-json\/wp\/v2\/types\/post"}],"author":[{"embeddable":true,"href":"https:\/\/himmelblau.fi\/en\/wp-json\/wp\/v2\/users\/1"}],"replies":[{"embeddable":true,"href":"https:\/\/himmelblau.fi\/en\/wp-json\/wp\/v2\/comments?post=2428"}],"version-history":[{"count":2,"href":"https:\/\/himmelblau.fi\/en\/wp-json\/wp\/v2\/posts\/2428\/revisions"}],"predecessor-version":[{"id":2432,"href":"https:\/\/himmelblau.fi\/en\/wp-json\/wp\/v2\/posts\/2428\/revisions\/2432"}],"wp:featuredmedia":[{"embeddable":true,"href":"https:\/\/himmelblau.fi\/en\/wp-json\/wp\/v2\/media\/2429"}],"wp:attachment":[{"href":"https:\/\/himmelblau.fi\/en\/wp-json\/wp\/v2\/media?parent=2428"}],"wp:term":[{"taxonomy":"category","embeddable":true,"href":"https:\/\/himmelblau.fi\/en\/wp-json\/wp\/v2\/categories?post=2428"},{"taxonomy":"post_tag","embeddable":true,"href":"https:\/\/himmelblau.fi\/en\/wp-json\/wp\/v2\/tags?post=2428"}],"curies":[{"name":"wp","href":"https:\/\/api.w.org\/{rel}","templated":true}]}}