{"id":2433,"date":"2023-11-05T10:25:03","date_gmt":"2023-11-05T08:25:03","guid":{"rendered":"https:\/\/himmelblau.fi\/?p=2433"},"modified":"2024-02-06T18:31:29","modified_gmt":"2024-02-06T16:31:29","slug":"rauno-k-rintanen-ennen-viimein-at-first-at-last-11-11-17-12-2023","status":"publish","type":"post","link":"https:\/\/himmelblau.fi\/en\/rauno-k-rintanen-ennen-viimein-at-first-at-last-11-11-17-12-2023\/","title":{"rendered":"Rauno K. Rintanen &#8211; Ennen \/ Viimein (At First \/ At Last) &#8211; 11.11.\u201317.12.2023"},"content":{"rendered":"<p dir=\"ltr\">&#8220;Ennen \/ Viimein\u201d on tamperelaisen <a href=\"https:\/\/www.raunorintanen.fi\/\" target=\"_blank\" rel=\"noopener\"><strong>Rauno K. Rintasen<\/strong><\/a> ensimm\u00e4inen yksityisn\u00e4yttely ja ylip\u00e4\u00e4ns\u00e4 ensimm\u00e4inen n\u00e4yttely, jossa h\u00e4nen taideteoksiaan on esill\u00e4. 46-vuotias Rintanen on taiteilijana itseoppinut. N\u00e4yttelyss\u00e4 on esill\u00e4 Rintanen vuosina 2022\u20132023 tekemi\u00e4 maalauksia, piirroksia ja sekatekniikalla toteuttamia teoksia. Lis\u00e4ksi mukana on valikoima varhaisempia teoksia aina 2000-luvun alkuvuosilta asti. My\u00f6s teksteill\u00e4 ja musiikilla on n\u00e4yttelykokonaisuudessa oma roolinsa.<\/p>\n<p dir=\"ltr\">Aiemmin Rintasen taideteoksia on voinut n\u00e4hd\u00e4 ainoastaan vuoden 2022 Zineton-tapahtumaan toteutetussa H\u00c4K\u00c4\u00c4-pienlehdess\u00e4, jonka 200 kappaleen painoksen viimeiset irtonumerot ovat myynniss\u00e4 n\u00e4yttelyss\u00e4 5\u201310 euron hintaan.<\/p>\n<p dir=\"ltr\">N\u00e4yttelyn on kuratoinut tamperelainen toimittaja <strong>Antti L\u00e4hde<\/strong>, jonka kanssa Rintanen toteutti my\u00f6s H\u00c4K\u00c4\u00c4-lehden. L\u00e4hde ja Rintanen tutustuivat toisiinsa kolme- ja nelj\u00e4vuotiaina.<\/p>\n<p dir=\"ltr\"><strong>Ennen \/ Viimein<\/strong><\/p>\n<p dir=\"ltr\">11.11.\u201317.12.2023<br \/>\nGalleria Himmelblaun Kutomosali 3<br \/>\nFinlaysoninkuja 9, kerros 3B<br \/>\nFinlaysonin alue, Tampere<\/p>\n<p dir=\"ltr\">Avoinna: ke\u2013pe 11\u201318, la\u2013su 12\u201316<br \/>\nSuljettu: ma, ti ja 6.12.<\/p>\n<p dir=\"ltr\">Vapaa p\u00e4\u00e4sy.<\/p>\n<h2 dir=\"ltr\">Taiteilijan haastattelu<\/h2>\n<p dir=\"ltr\"><strong>Mit\u00e4 haluat kertoa t\u00e4st\u00e4 n\u00e4yttelyst\u00e4?<\/strong><\/p>\n<p dir=\"ltr\">\u2013 Se on v\u00e4syneen miehen viimeinen yritys. Ja mik\u00e4 on v\u00e4sytt\u00e4nyt miehen on se, ett\u00e4 yritys ei sattuneista syist\u00e4 osunut kahtakymment\u00e4 vuotta aikaisempaan ajankohtaan.<br \/>\n\u2013 Olen 46-vuotias. Jos olisin kaksikymment\u00e4 vuotta nuorempi, energiaa olisi varmasti paljon enemp\u00e4\u00e4n kuin nyky\u00e4\u00e4n. Silti, en ole hidastamassa vauhtia vaan nimenomaan yritt\u00e4m\u00e4ss\u00e4 l\u00f6yt\u00e4\u00e4 itsest\u00e4ni lis\u00e4\u00e4 virtaa.<br \/>\n\u2013 Jos ihminen ei en\u00e4\u00e4 pysty \u201dmarkkinadraiviin\u201d, niin tulevatko kaikki h\u00e4nen ajatuksensa silloin mit\u00e4t\u00f6idyksi? Vaikka t\u00e4m\u00e4 on ensimm\u00e4inen n\u00e4yttelyni, t\u00e4m\u00e4 ei kuitenkaan ole mun ensimm\u00e4inen el\u00e4m\u00e4ni.<\/p>\n<p dir=\"ltr\"><strong>Miksi ensimm\u00e4inen n\u00e4yttelysi toteutuu vasta nyt?<\/strong><\/p>\n<p dir=\"ltr\">\u2013 Menin nuorena t\u00e4ysill\u00e4 mukaan skeitti- ja lumilautaporukoihin. Olin mukana Burton-lumilautamerkin Suomi-tiimiss\u00e4 17-vuotiaasta 20-vuotiaaksi. Se oli intensiivist\u00e4 aikaa, k\u00e4ytiin laskemassa ulkomaillakin.<br \/>\n\u2013 Vaikka aloin tehd\u00e4 pes\u00e4eroa siihen touhuun jo kaksikymppisen\u00e4, tied\u00e4n yh\u00e4 sen mindsetin. Se on oma kokonainen maailmansa, joka on kuitenkin ehk\u00e4 vain viisi prosenttia koko maailmasta. Siin\u00e4 on oma sis\u00e4inen logiikkansa, jonka perusteella voi olla vaikka kuinka kova j\u00e4tk\u00e4. Mutta koko maailman n\u00e4k\u00f6kulmasta se touhu on melkeinp\u00e4 naurettavaa.<br \/>\n\u2013 J\u00e4rkev\u00e4mpi nuori ihminen ei olisi ehk\u00e4 niihin porukoihin l\u00e4htenyt, ja taiteilijanhan pit\u00e4isi kai osata toimia oikein heti alusta l\u00e4htien.<br \/>\n\u2013 Kostamisesta sanotaan, ett\u00e4 jos sellaista haluaa, niin se on vain itselle haitaksi. N\u00e4m\u00e4 on mulle aika kipeit\u00e4kin asioita, mutta osittain niiden takia saan pit\u00e4\u00e4 ensimm\u00e4isen taiden\u00e4yttelyni vasta nyt 46-vuotiaana.<\/p>\n<p dir=\"ltr\"><strong>Mit\u00e4 haluat kertoa teoksistasi?<\/strong><\/p>\n<p dir=\"ltr\">\u2013 En tied\u00e4 sallitaanko esikoistaiteilijalle mahdollisuus vastata hiljaisuudella. Mutta jos sallitaan, niin otan sen ja kiit\u00e4n n\u00f6yr\u00e4sti.<\/p>\n<p dir=\"ltr\"><strong>Miksi maalaat?<\/strong><\/p>\n<p dir=\"ltr\">\u2013 No, se on yksi kysymys. Mutta ei kai muutkaan maalarit muuta tee kuin maalaa.<br \/>\n\u2013 Mun haaveeni on nuoresta asti ollut se, ett\u00e4 voisin olla taiteilija. Nyt olen el\u00e4nyt omaa arkeani yli nelj\u00e4kymment\u00e4 vuotta.<br \/>\n\u2013 Tuntuisi ihmeelliselt\u00e4, jos n\u00e4iden teosten tekemist\u00e4 pidett\u00e4isiin joskus ihan oikeana ty\u00f6n\u00e4. Nyt nysv\u00e4\u00e4n n\u00e4it\u00e4 tauluja t\u00e4\u00e4ll\u00e4 kotonani, yht\u00e4 toisensa per\u00e4\u00e4n. T\u00e4t\u00e4k\u00f6 taiteilijan arki sitten on? T\u00e4lt\u00e4k\u00f6 tuntuu olla taiteilija?<\/p>\n<p dir=\"ltr\"><strong>Mill\u00e4 tavalla teoksesi syntyv\u00e4t?<\/strong><\/p>\n<p dir=\"ltr\">\u2013 Nuorempana olisin varmasti tehnyt tarkempaa tai esitt\u00e4v\u00e4mp\u00e4\u00e4, piirt\u00e4nyt ihmisi\u00e4 anatomisesti mahdollisimman oikein. Mutta n\u00e4iss\u00e4 meininki on semmoinen, ett\u00e4 olen antanut menn\u00e4 vaan.<br \/>\n\u2013 Se on semmosta flowta. K\u00e4yt\u00e4nn\u00f6ss\u00e4 se on sit\u00e4, ett\u00e4 valmistan kankaan tai jonkin muun pohjan. Sitten katson sit\u00e4 pohjaa ja yksi juttu johtaa seuraavaan. Ei siin\u00e4 oikein muuta ole.<\/p>\n<p dir=\"ltr\"><strong>Mist\u00e4 tied\u00e4t, ett\u00e4 teos on valmis?<\/strong><\/p>\n<p dir=\"ltr\">\u2013 Tasapaino on mulle se sana. Pyyd\u00e4nkin kaikilta anteeksi sit\u00e4, jos n\u00e4yttelyss\u00e4 on esill\u00e4 ty\u00f6, jossa on asetelmallisesti jotain korjattavaa.<br \/>\n\u2013 Jos muutan ty\u00f6t\u00e4, teen sen harmonian tai balanssin takia. Jos fokusta pit\u00e4\u00e4 siirt\u00e4\u00e4 vasemmalle, oikealle, alas tai yl\u00f6s, silloin teen siihen jotain lis\u00e4\u00e4.<br \/>\n\u2013 Valmiin ty\u00f6n tunnistan siit\u00e4, etten en\u00e4\u00e4 uskalla koskea siihen. Se on valmis silloin, kun se j\u00e4tt\u00e4\u00e4 seuraaville t\u00f6ille puhtaan p\u00f6yd\u00e4n.<\/p>\n<p dir=\"ltr\"><strong>Mit\u00e4 haluat sanoa n\u00e4yttelyyn tulevalle ihmiselle?<\/strong><\/p>\n<p dir=\"ltr\">\u2013 Uskon ymm\u00e4rt\u00e4v\u00e4ni mit\u00e4 taiteelta yleens\u00e4 odotetaan. Enk\u00e4 ole ihan varma, onko n\u00e4iden teosten tarkoituskaan olla mit\u00e4\u00e4n \u201dtaidetta\u201d, mutta jos joku n\u00e4kee niiss\u00e4 sellaista, niin olkoon hyv\u00e4 vaan.<br \/>\n\u2013 Sen sanon, ett\u00e4 minut kyll\u00e4 n\u00e4ist\u00e4 teoksista n\u00e4kee. Jokainen ei varmasti kuitenkaan tartu sy\u00f6ttiin. Jos joku n\u00e4ist\u00e4 kuitenkin sellaisen yritt\u00e4v\u00e4n miehen n\u00e4kisi, niin se melkein jo riitt\u00e4isi.<\/p>\n<p dir=\"ltr\">Hallila, Tampere 4.10.2023.<br \/>\n<a href=\"https:\/\/www.raunorintanen.fi\/\" target=\"_blank\" rel=\"noopener\">www.raunorintanen.fi<\/a><\/p>\n<p dir=\"ltr\"><img loading=\"lazy\" decoding=\"async\" class=\"alignnone size-full wp-image-2434\" src=\"https:\/\/himmelblau.fi\/wp-content\/uploads\/rauno_somebanner_1-1.jpg\" alt=\"\" width=\"1000\" height=\"523\" srcset=\"https:\/\/himmelblau.fi\/wp-content\/uploads\/rauno_somebanner_1-1.jpg 1000w, https:\/\/himmelblau.fi\/wp-content\/uploads\/rauno_somebanner_1-1-500x262.jpg 500w, https:\/\/himmelblau.fi\/wp-content\/uploads\/rauno_somebanner_1-1-768x402.jpg 768w, https:\/\/himmelblau.fi\/wp-content\/uploads\/rauno_somebanner_1-1-750x392.jpg 750w, https:\/\/himmelblau.fi\/wp-content\/uploads\/rauno_somebanner_1-1-400x209.jpg 400w, https:\/\/himmelblau.fi\/wp-content\/uploads\/rauno_somebanner_1-1-430x225.jpg 430w, https:\/\/himmelblau.fi\/wp-content\/uploads\/rauno_somebanner_1-1-150x78.jpg 150w, https:\/\/himmelblau.fi\/wp-content\/uploads\/rauno_somebanner_1-1-100x52.jpg 100w\" sizes=\"(max-width: 1000px) 100vw, 1000px\" \/><\/p>\n<p>&nbsp;<\/p>\n","protected":false},"excerpt":{"rendered":"<p>&#8220;Ennen \/ Viimein\u201d on tamperelaisen Rauno K. Rintasen ensimm\u00e4inen yksityisn\u00e4yttely ja ylip\u00e4\u00e4ns\u00e4 ensimm\u00e4inen n\u00e4yttely, jossa h\u00e4nen taideteoksiaan on esill\u00e4. 46-vuotias Rintanen on taiteilijana itseoppinut. N\u00e4yttelyss\u00e4 on esill\u00e4 Rintanen vuosina 2022\u20132023 [&hellip;]<\/p>\n","protected":false},"author":1,"featured_media":2434,"comment_status":"closed","ping_status":"closed","sticky":false,"template":"","format":"standard","meta":{"_acf_changed":false,"_et_pb_use_builder":"","_et_pb_old_content":"","_et_gb_content_width":"","_exactmetrics_skip_tracking":false,"_exactmetrics_sitenote_active":false,"_exactmetrics_sitenote_note":"","_exactmetrics_sitenote_category":0,"footnotes":""},"categories":[7],"tags":[],"class_list":["post-2433","post","type-post","status-publish","format-standard","has-post-thumbnail","hentry","category-uutinen"],"acf":[],"_links":{"self":[{"href":"https:\/\/himmelblau.fi\/en\/wp-json\/wp\/v2\/posts\/2433","targetHints":{"allow":["GET"]}}],"collection":[{"href":"https:\/\/himmelblau.fi\/en\/wp-json\/wp\/v2\/posts"}],"about":[{"href":"https:\/\/himmelblau.fi\/en\/wp-json\/wp\/v2\/types\/post"}],"author":[{"embeddable":true,"href":"https:\/\/himmelblau.fi\/en\/wp-json\/wp\/v2\/users\/1"}],"replies":[{"embeddable":true,"href":"https:\/\/himmelblau.fi\/en\/wp-json\/wp\/v2\/comments?post=2433"}],"version-history":[{"count":4,"href":"https:\/\/himmelblau.fi\/en\/wp-json\/wp\/v2\/posts\/2433\/revisions"}],"predecessor-version":[{"id":3208,"href":"https:\/\/himmelblau.fi\/en\/wp-json\/wp\/v2\/posts\/2433\/revisions\/3208"}],"wp:featuredmedia":[{"embeddable":true,"href":"https:\/\/himmelblau.fi\/en\/wp-json\/wp\/v2\/media\/2434"}],"wp:attachment":[{"href":"https:\/\/himmelblau.fi\/en\/wp-json\/wp\/v2\/media?parent=2433"}],"wp:term":[{"taxonomy":"category","embeddable":true,"href":"https:\/\/himmelblau.fi\/en\/wp-json\/wp\/v2\/categories?post=2433"},{"taxonomy":"post_tag","embeddable":true,"href":"https:\/\/himmelblau.fi\/en\/wp-json\/wp\/v2\/tags?post=2433"}],"curies":[{"name":"wp","href":"https:\/\/api.w.org\/{rel}","templated":true}]}}