{"id":2767,"date":"2023-12-01T16:26:29","date_gmt":"2023-12-01T14:26:29","guid":{"rendered":"https:\/\/himmelblau.fi\/?p=2767"},"modified":"2024-01-04T10:03:54","modified_gmt":"2024-01-04T08:03:54","slug":"kim-somervuori-grafiikanpaja-himmelblaussa-9-12-2023-7-1-2024","status":"publish","type":"post","link":"https:\/\/himmelblau.fi\/en\/kim-somervuori-grafiikanpaja-himmelblaussa-9-12-2023-7-1-2024\/","title":{"rendered":"Kim Somervuori | Grafiikanpaja Himmelblaussa | 9.12.2023\u20137.1.2024"},"content":{"rendered":"<p dir=\"ltr\"><strong>HUOM! N\u00e4yttely\u00e4 jatkettu &#8211;\u00a0 esill\u00e4 4.2. asti.<\/strong><\/p>\n<p dir=\"ltr\"><img loading=\"lazy\" decoding=\"async\" class=\"alignnone size-full wp-image-2768\" src=\"https:\/\/himmelblau.fi\/wp-content\/uploads\/image0-5.jpeg\" alt=\"\" width=\"2040\" height=\"1530\" srcset=\"https:\/\/himmelblau.fi\/wp-content\/uploads\/image0-5.jpeg 2040w, https:\/\/himmelblau.fi\/wp-content\/uploads\/image0-5-500x375.jpeg 500w, https:\/\/himmelblau.fi\/wp-content\/uploads\/image0-5-1024x768.jpeg 1024w, https:\/\/himmelblau.fi\/wp-content\/uploads\/image0-5-768x576.jpeg 768w, https:\/\/himmelblau.fi\/wp-content\/uploads\/image0-5-1536x1152.jpeg 1536w, https:\/\/himmelblau.fi\/wp-content\/uploads\/image0-5-750x563.jpeg 750w, https:\/\/himmelblau.fi\/wp-content\/uploads\/image0-5-400x300.jpeg 400w, https:\/\/himmelblau.fi\/wp-content\/uploads\/image0-5-430x323.jpeg 430w, https:\/\/himmelblau.fi\/wp-content\/uploads\/image0-5-150x113.jpeg 150w, https:\/\/himmelblau.fi\/wp-content\/uploads\/image0-5-100x75.jpeg 100w\" sizes=\"(max-width: 2040px) 100vw, 2040px\" \/><\/p>\n<p dir=\"ltr\"><strong>Kim Somervuoren<\/strong> esill\u00e4 olevat grafiikanty\u00f6t ovat uusia ja syntyneet kuluneen syksyn aikana Grafiikanpaja Himmelblaussa. Grafiikanvedokset antavat uusia n\u00e4k\u00f6kulmia runsaista maalauksistaan tunnetun taiteilijan tuotantoon. \u201cT\u00e4ss\u00e4 n\u00e4yttelyss\u00e4 on esill\u00e4 paperia ja kangasta, erilliset teokset kasvavat yhteen. Top 10. Sinkuista kasvaa yhteen tupla-albumi.\u201d<\/p>\n<p dir=\"ltr\">Kim Somervuoren rosoinen maalaustyyli on hiottu \u00e4\u00e4rimm\u00e4isen tarkasti kohdalleen.\u00a0 Maalausj\u00e4lki on taidokasta, ik\u00e4\u00e4nkuin se olisi syntynyt tekem\u00e4tt\u00e4. Sommittelu loksahtelee paikoilleen kuin se olisi hakenut itse itsens\u00e4. Kuitenkin kaikki on tehty\u00e4: materiaalit ja k\u00e4denj\u00e4lki ovat l\u00e4sn\u00e4. Niit\u00e4 ei peitell\u00e4, mutta ne ovat eleett\u00f6mi\u00e4. Teosta voi katsella ilman, ett\u00e4 tiedostaa tekij\u00e4n l\u00e4sn\u00e4oloa. P\u00e4\u00e4osin hyv\u00e4ntuuliset teokset vilisev\u00e4t kulttuurisia viittauksia.<\/p>\n<p dir=\"ltr\">Kim Somervuori (s. 1975) on valmistunut Kuvataideakatemiasta vuonna 2011 ja opiskellut Tukholmassa V\u00e5rdinge by folkh\u00f6gskolanissa 2005\u20132006. H\u00e4n on pit\u00e4nyt\u00a0 yksityisn\u00e4yttelyit\u00e4 mm. Korjaamo galleriassa (Helsink,i 2012) Taidesalonki Husassa (Tampere, 2011) Forum Box Galleriassa (Helsinki, 2017) ja Galleria Halmetojassa (Helsinki, 2020). Somervuori on osallistunut lukuisiin ryhm\u00e4n\u00e4yttelyihin kotimaassa ja ulkomailla, mm. Nuoret 2009, Taidehalli (Helsinki, 2009), Holden Gallery (Manchester, 2011), Aineen taidemuseo (Tornio, 2015), Nykytaiteen museo Kiasma (Helsinki, 2020). Somervuoren teoksia on useissa julkisissa sek\u00e4 yksityisiss\u00e4 kokoelmissa niin Suomessa kuin ulkomailla, mm. Nykytaiteen museo Kiasmassa, Saastamoisen s\u00e4\u00e4ti\u00f6ll\u00e4 ja Tampereen Taidemuseossa. H\u00e4net on palkittu William Thuring -nimikkopalkinnolla 2015.<\/p>\n<p dir=\"ltr\">Kim Somervuori<br \/>\n9.12.2023\u20137.1.2024<br \/>\nGrafiikanpaja Himmelblau<br \/>\nFinlaysoninkuja 9, kerros PB<br \/>\nFinlaysonin alue, Tampere<\/p>\n<p dir=\"ltr\">Vapaa p\u00e4\u00e4sy<\/p>\n<p dir=\"ltr\">Avoinna: ke\u2013pe 11\u201318, la\u2013su 12\u201316<br \/>\nSuljettu: ma, ti ja 23.12., 24.12.<\/p>\n<p dir=\"ltr\"><img loading=\"lazy\" decoding=\"async\" class=\"alignnone size-full wp-image-2774\" src=\"https:\/\/himmelblau.fi\/wp-content\/uploads\/B20000000044648F-copy.jpg\" alt=\"\" width=\"800\" height=\"998\" srcset=\"https:\/\/himmelblau.fi\/wp-content\/uploads\/B20000000044648F-copy.jpg 800w, https:\/\/himmelblau.fi\/wp-content\/uploads\/B20000000044648F-copy-401x500.jpg 401w, https:\/\/himmelblau.fi\/wp-content\/uploads\/B20000000044648F-copy-768x958.jpg 768w, https:\/\/himmelblau.fi\/wp-content\/uploads\/B20000000044648F-copy-750x936.jpg 750w, https:\/\/himmelblau.fi\/wp-content\/uploads\/B20000000044648F-copy-400x499.jpg 400w, https:\/\/himmelblau.fi\/wp-content\/uploads\/B20000000044648F-copy-430x536.jpg 430w, https:\/\/himmelblau.fi\/wp-content\/uploads\/B20000000044648F-copy-150x187.jpg 150w, https:\/\/himmelblau.fi\/wp-content\/uploads\/B20000000044648F-copy-100x125.jpg 100w\" sizes=\"(max-width: 800px) 100vw, 800px\" \/><\/p>\n<p dir=\"ltr\"><img loading=\"lazy\" decoding=\"async\" class=\"alignnone size-full wp-image-2771\" src=\"https:\/\/himmelblau.fi\/wp-content\/uploads\/Somervuori-final-kutsu-002.jpg\" alt=\"\" width=\"687\" height=\"1063\" srcset=\"https:\/\/himmelblau.fi\/wp-content\/uploads\/Somervuori-final-kutsu-002.jpg 687w, https:\/\/himmelblau.fi\/wp-content\/uploads\/Somervuori-final-kutsu-002-323x500.jpg 323w, https:\/\/himmelblau.fi\/wp-content\/uploads\/Somervuori-final-kutsu-002-662x1024.jpg 662w, https:\/\/himmelblau.fi\/wp-content\/uploads\/Somervuori-final-kutsu-002-400x619.jpg 400w, https:\/\/himmelblau.fi\/wp-content\/uploads\/Somervuori-final-kutsu-002-430x665.jpg 430w, https:\/\/himmelblau.fi\/wp-content\/uploads\/Somervuori-final-kutsu-002-150x232.jpg 150w, https:\/\/himmelblau.fi\/wp-content\/uploads\/Somervuori-final-kutsu-002-100x155.jpg 100w\" sizes=\"(max-width: 687px) 100vw, 687px\" \/><\/p>\n<p dir=\"ltr\">\n","protected":false},"excerpt":{"rendered":"<p>HUOM! N\u00e4yttely\u00e4 jatkettu &#8211;\u00a0 esill\u00e4 4.2. asti. Kim Somervuoren esill\u00e4 olevat grafiikanty\u00f6t ovat uusia ja syntyneet kuluneen syksyn aikana Grafiikanpaja Himmelblaussa. Grafiikanvedokset antavat uusia n\u00e4k\u00f6kulmia runsaista maalauksistaan tunnetun taiteilijan tuotantoon. [&hellip;]<\/p>\n","protected":false},"author":1,"featured_media":2774,"comment_status":"closed","ping_status":"closed","sticky":false,"template":"","format":"standard","meta":{"_acf_changed":false,"_et_pb_use_builder":"","_et_pb_old_content":"","_et_gb_content_width":"","_exactmetrics_skip_tracking":false,"_exactmetrics_sitenote_active":false,"_exactmetrics_sitenote_note":"","_exactmetrics_sitenote_category":0,"footnotes":""},"categories":[7],"tags":[],"class_list":["post-2767","post","type-post","status-publish","format-standard","has-post-thumbnail","hentry","category-uutinen"],"acf":[],"_links":{"self":[{"href":"https:\/\/himmelblau.fi\/en\/wp-json\/wp\/v2\/posts\/2767","targetHints":{"allow":["GET"]}}],"collection":[{"href":"https:\/\/himmelblau.fi\/en\/wp-json\/wp\/v2\/posts"}],"about":[{"href":"https:\/\/himmelblau.fi\/en\/wp-json\/wp\/v2\/types\/post"}],"author":[{"embeddable":true,"href":"https:\/\/himmelblau.fi\/en\/wp-json\/wp\/v2\/users\/1"}],"replies":[{"embeddable":true,"href":"https:\/\/himmelblau.fi\/en\/wp-json\/wp\/v2\/comments?post=2767"}],"version-history":[{"count":9,"href":"https:\/\/himmelblau.fi\/en\/wp-json\/wp\/v2\/posts\/2767\/revisions"}],"predecessor-version":[{"id":2999,"href":"https:\/\/himmelblau.fi\/en\/wp-json\/wp\/v2\/posts\/2767\/revisions\/2999"}],"wp:featuredmedia":[{"embeddable":true,"href":"https:\/\/himmelblau.fi\/en\/wp-json\/wp\/v2\/media\/2774"}],"wp:attachment":[{"href":"https:\/\/himmelblau.fi\/en\/wp-json\/wp\/v2\/media?parent=2767"}],"wp:term":[{"taxonomy":"category","embeddable":true,"href":"https:\/\/himmelblau.fi\/en\/wp-json\/wp\/v2\/categories?post=2767"},{"taxonomy":"post_tag","embeddable":true,"href":"https:\/\/himmelblau.fi\/en\/wp-json\/wp\/v2\/tags?post=2767"}],"curies":[{"name":"wp","href":"https:\/\/api.w.org\/{rel}","templated":true}]}}