{"id":3282,"date":"2024-02-22T15:50:27","date_gmt":"2024-02-22T13:50:27","guid":{"rendered":"https:\/\/himmelblau.fi\/?p=3282"},"modified":"2024-02-22T15:50:27","modified_gmt":"2024-02-22T13:50:27","slug":"kolme-katsetta-inari-krohn-katri-lassila-ja-maija-lassila-avajaiset-galleria-himmelblaussa-2-3-2024-klo-16-19","status":"publish","type":"post","link":"https:\/\/himmelblau.fi\/en\/kolme-katsetta-inari-krohn-katri-lassila-ja-maija-lassila-avajaiset-galleria-himmelblaussa-2-3-2024-klo-16-19\/","title":{"rendered":"Kolme katsetta: Inari Krohn, Katri Lassila ja Maija Lassila &#8211; avajaiset Galleria Himmelblaussa 2.3.2024 klo 16\u201319"},"content":{"rendered":"<p><i><span style=\"font-weight: 400;\">Kolme katsetta <\/span><\/i><span style=\"font-weight: 400;\">tuo yhteen kolmen taiteilijan \u2013 Inari Krohnin ja t\u00e4m\u00e4n kahden tytt\u00e4ren, Katri ja Maija Lassilan \u2013 teoksia kiehtovaksi kokonaisuudeksi joka sis\u00e4lt\u00e4\u00e4 uusia maalauksia, grafiikkaa, valokuvia sek\u00e4 lyhytelokuvan. <\/span><i><span style=\"font-weight: 400;\">Kolme katsetta<\/span><\/i><span style=\"font-weight: 400;\"> kuvaa nimens\u00e4 mukaisesti sit\u00e4, kuinka kolme taiteilijaa katsoo, kokee ja havainnoi maailmaa eri tavoilla. Samanaikaisesti katseissa on kuitenkin samuutta. N\u00e4yttelyn teosten tematiikka liikkuu luontevasti luonnon, mystiikan ja maiseman aiheissa, sek\u00e4 pieniss\u00e4 hetkiss\u00e4, jotka asettuvat arkisen ja mystisen v\u00e4limaastoon.<\/span><\/p>\n<p><b>Inari Krohn<\/b><span style=\"font-weight: 400;\"> (s. 1945) on merkitt\u00e4vimpi\u00e4 suomalaisen kuvataidekent\u00e4n uudistajia; 1960-luvulta saakka aktiivisesti toiminut taidegraafikko ja -maalari, jonka vaikutus, oppi ja inspiraatio ulottuu useampaan taiteilijasukupolveen. Krohnin mestarillinen metalligrafiikan viiva yhdistyy vaivattomasti puupiirrokseen ja maalaukseen, ja monet teoksista ovat k\u00e4sin v\u00e4ritettyj\u00e4. Krohn onkin suomalaisella taidegrafiikan kent\u00e4ll\u00e4 tunnettu nimenomaan ennakkoluulottomana v\u00e4rien k\u00e4ytt\u00e4j\u00e4n\u00e4 ja grafiikan edell\u00e4k\u00e4vij\u00e4n\u00e4. Puupiirrosta ja metalligrafiikkaa yhdist\u00e4v\u00e4t teokset liikkuvat eri taiteenlajien v\u00e4limaastossa l\u00f6yt\u00e4en yh\u00e4 uusia polkuja kummastakin. Krohnin maalauksissa puhdas v\u00e4ripaletti ja tekninen taituruus johtaa visuaaliseen runouteen, jossa katsoja p\u00e4\u00e4see uppoutumaan yht\u00e4 aikaa realistiseen ja kuvitteelliseen maailmaan. Teoksissa luonto kohtaa myyttisten olentojen kansoittaman maailman ja teoksista l\u00f6ytyykin viittauksia esimerkiksi Raamatun kuvituksiin ja keskiajan taiteeseen.\u00a0<\/span><\/p>\n<p><b>Katri Lassila<\/b><span style=\"font-weight: 400;\"> (s. 1979) on valokuvataiteilija ja taiteen tohtori, joka v\u00e4itteli vuonna 2023 Aalto-yliopistosta aiheenaan maisemakuvan apokronia \u2013 ajan ulkopuolelle asettuva olemus. Lassila toimii puheenjohtajana Suomen Pimi\u00f6taiteilijat ry:ss\u00e4, joka edist\u00e4\u00e4 analogista, k\u00e4sintehty\u00e4 valokuvataidetta Suomessa. Lis\u00e4ksi h\u00e4n opettaa analogisen valokuvan kursseja Suomen valokuvataiteen museossa ja Aalto-yliopistossa. H\u00e4nen ty\u00f6skentelyns\u00e4 keski\u00f6ss\u00e4 on pimi\u00f6ss\u00e4 valmistettu aito ja klassisen ihanteen mukaan viimeistelty hopeagelatiinivedos, mutta h\u00e4n ty\u00f6skentelee my\u00f6s muiden analogisen valokuvan lajien sek\u00e4 liikkuvan kuvan ja maalaustaiteen keinoin. N\u00e4yttelyss\u00e4 on esill\u00e4 Lassilan v\u00e4it\u00f6ksen taiteellinen osa, lyhytelokuva <\/span><i><span style=\"font-weight: 400;\">Jyrk\u00e4nne<\/span><\/i><span style=\"font-weight: 400;\"> (2023), joka on kuvattu Leica M3-kameralla. Lassila pohtii t\u00f6idens\u00e4 kautta ajan kerrostumia ja inhimillist\u00e4 kokemusta ajan kulusta, usein maiseman aiheen kautta. H\u00e4nen katseensa keski\u00f6ss\u00e4 ovat ihmisten sijaan muut maisemaa asuttavat olennot, joita h\u00e4n pyrkii kuvaamaan posthumanistisessa hengess\u00e4.<\/span><\/p>\n<p><b>Maija Lassila<\/b><span style=\"font-weight: 400;\"> (s. 1985) <\/span><span style=\"font-weight: 400;\">valmistui Taideyliopiston Kuvataideakatemiasta 2018 maalaustaiteen ohjelmasta. Lassilan teoksissa korostuvat v\u00e4ri, toisteisuus ja etsiv\u00e4 maalausj\u00e4lki temperaa, \u00f6ljyv\u00e4ri\u00e4, akvarellia ja hiilen ja pastellien ominaisuuksia hy\u00f6dynt\u00e4en. Lassilan maalauskokonaisuudet ilment\u00e4v\u00e4t avointa l\u00e4hestymistapaa maalaukselliseen ajattelutapaan ja sen mahdollisuuksiin. Lassilan viimeaikaiset teokset l\u00e4hestyv\u00e4t esitt\u00e4v\u00e4n ja ei-esitt\u00e4v\u00e4n rajapintaa, liittyen v\u00e4rimaalauksen perinteeseen ja toisaalta pohdintoihin siit\u00e4, millaisia yhteisi\u00e4 n\u00e4kyj\u00e4 ja tunteita maalaus voi tuoda esiin. Maalaukset orgaanisine ja jatkuvine muotoineen assosioituvat veden, maan ja ilman elementteihin, painavuuteen ja painottomuuteen, sek\u00e4 ihmisen ja muun luonnon yhteenkietoutuneisuuteen, virtaavuuteen sek\u00e4 limittyneisyyteen. Ne j\u00e4tt\u00e4v\u00e4t katsojalle tilaa tulkinnalle ja aikaa uppoutua maalausten maailmoihin. Maalausj\u00e4lki uniikkina, vapautuneena ja hetkess\u00e4 el\u00e4v\u00e4n\u00e4 on Lassilan ty\u00f6skentelyn ytimess\u00e4.<\/span><\/p>\n\n\t\t<div id='gallery-1' class='gallery galleryid-3282 gallery-columns-4 gallery-size-thumbnail gallery1'><script type=\"text\/javascript\">\r\n\/\/ <![CDATA[\r\n\tjQuery(document).ready(function () {\r\n\t\tjQuery(\".gallery1 a\").attr(\"rel\",\"gallery1\");\t\r\n\t\tjQuery('a[rel=\"gallery1\"]').colorbox({maxWidth:\"95%\", maxHeight:\"95%\",title: function(){ return jQuery(this).children().attr(\"alt\"); }, });\r\n\t});\r\n\/\/ ]]>\r\n<\/script>\n<figure class=\"gallery-item\">\n<div class=\"gallery-icon\">\r\n<a href=\"https:\/\/himmelblau.fi\/wp-content\/uploads\/Kurkitanssi_grafiikka-500x375.jpg\" title=\"\" rel=\"gallery1\"><img loading=\"lazy\" decoding=\"async\" src=\"https:\/\/himmelblau.fi\/wp-content\/uploads\/Kurkitanssi_grafiikka-120x120.jpg\" width=\"120\" height=\"120\" alt=\"\" \/><\/a>\r\n<\/div><\/figure><figure class=\"gallery-item\">\n<div class=\"gallery-icon\">\r\n<a href=\"https:\/\/himmelblau.fi\/wp-content\/uploads\/Kukkien_valtakunta_oljyvari-500x450.jpg\" title=\"\" rel=\"gallery1\"><img loading=\"lazy\" decoding=\"async\" src=\"https:\/\/himmelblau.fi\/wp-content\/uploads\/Kukkien_valtakunta_oljyvari-120x120.jpg\" width=\"120\" height=\"120\" alt=\"\" \/><\/a>\r\n<\/div><\/figure><figure class=\"gallery-item\">\n<div class=\"gallery-icon\">\r\n<a href=\"https:\/\/himmelblau.fi\/wp-content\/uploads\/lammas_ulkohebridit-500x498.jpg\" title=\"\" rel=\"gallery1\"><img loading=\"lazy\" decoding=\"async\" src=\"https:\/\/himmelblau.fi\/wp-content\/uploads\/lammas_ulkohebridit-120x120.jpg\" width=\"120\" height=\"120\" alt=\"\" \/><\/a>\r\n<\/div><\/figure><figure class=\"gallery-item\">\n<div class=\"gallery-icon\">\r\n<a href=\"https:\/\/himmelblau.fi\/wp-content\/uploads\/Napoleon_syanotypia2024-350x500.jpg\" title=\"\" rel=\"gallery1\"><img loading=\"lazy\" decoding=\"async\" src=\"https:\/\/himmelblau.fi\/wp-content\/uploads\/Napoleon_syanotypia2024-120x120.jpg\" width=\"120\" height=\"120\" alt=\"\" \/><\/a>\r\n<\/div><\/figure>\r\n\t\t<\/div>\n\n","protected":false},"excerpt":{"rendered":"<p>Kolme katsetta tuo yhteen kolmen taiteilijan \u2013 Inari Krohnin ja t\u00e4m\u00e4n kahden tytt\u00e4ren, Katri ja Maija Lassilan \u2013 teoksia kiehtovaksi kokonaisuudeksi joka sis\u00e4lt\u00e4\u00e4 uusia maalauksia, grafiikkaa, valokuvia sek\u00e4 lyhytelokuvan. Kolme [&hellip;]<\/p>\n","protected":false},"author":1,"featured_media":3289,"comment_status":"closed","ping_status":"closed","sticky":false,"template":"","format":"standard","meta":{"_acf_changed":false,"_et_pb_use_builder":"","_et_pb_old_content":"","_et_gb_content_width":"","_exactmetrics_skip_tracking":false,"_exactmetrics_sitenote_active":false,"_exactmetrics_sitenote_note":"","_exactmetrics_sitenote_category":0,"footnotes":""},"categories":[7],"tags":[],"class_list":["post-3282","post","type-post","status-publish","format-standard","has-post-thumbnail","hentry","category-uutinen"],"acf":[],"_links":{"self":[{"href":"https:\/\/himmelblau.fi\/en\/wp-json\/wp\/v2\/posts\/3282","targetHints":{"allow":["GET"]}}],"collection":[{"href":"https:\/\/himmelblau.fi\/en\/wp-json\/wp\/v2\/posts"}],"about":[{"href":"https:\/\/himmelblau.fi\/en\/wp-json\/wp\/v2\/types\/post"}],"author":[{"embeddable":true,"href":"https:\/\/himmelblau.fi\/en\/wp-json\/wp\/v2\/users\/1"}],"replies":[{"embeddable":true,"href":"https:\/\/himmelblau.fi\/en\/wp-json\/wp\/v2\/comments?post=3282"}],"version-history":[{"count":1,"href":"https:\/\/himmelblau.fi\/en\/wp-json\/wp\/v2\/posts\/3282\/revisions"}],"predecessor-version":[{"id":3291,"href":"https:\/\/himmelblau.fi\/en\/wp-json\/wp\/v2\/posts\/3282\/revisions\/3291"}],"wp:featuredmedia":[{"embeddable":true,"href":"https:\/\/himmelblau.fi\/en\/wp-json\/wp\/v2\/media\/3289"}],"wp:attachment":[{"href":"https:\/\/himmelblau.fi\/en\/wp-json\/wp\/v2\/media?parent=3282"}],"wp:term":[{"taxonomy":"category","embeddable":true,"href":"https:\/\/himmelblau.fi\/en\/wp-json\/wp\/v2\/categories?post=3282"},{"taxonomy":"post_tag","embeddable":true,"href":"https:\/\/himmelblau.fi\/en\/wp-json\/wp\/v2\/tags?post=3282"}],"curies":[{"name":"wp","href":"https:\/\/api.w.org\/{rel}","templated":true}]}}