{"id":4140,"date":"2024-12-02T10:16:10","date_gmt":"2024-12-02T08:16:10","guid":{"rendered":"https:\/\/himmelblau.fi\/?p=4140"},"modified":"2024-12-02T10:16:11","modified_gmt":"2024-12-02T08:16:11","slug":"joulun-harsomaa-kissat-galleria-himmelblau-kutomosali-1-7-12-29-12","status":"publish","type":"post","link":"https:\/\/himmelblau.fi\/en\/joulun-harsomaa-kissat-galleria-himmelblau-kutomosali-1-7-12-29-12\/","title":{"rendered":"Joulun harsomaa \u2013 Kissat, Galleria Himmelblau, Kutomosali 1, 7.12.\u201329.12."},"content":{"rendered":"<p dir=\"ltr\"><strong>Joulun harsomaasta on tullut jokajouluinen perinne Galleria Himmelblauhun, kuvanveist\u00e4j\u00e4 Tapani Kokon kuratoima n\u00e4yttely toteutetaan jo kuudennen kerran. Rehev\u00e4, mehev\u00e4 ja v\u00e4rik\u00e4s kokonaisuus on esill\u00e4 Kutomosalissa 7.12.\u201329.12.<\/strong><\/p>\n<p dir=\"ltr\">Joulun harsomaa toteutettiin Galleria Himmelblaussa ensimm\u00e4isen kerran 2018 ja nyt on luvassa kuudes joulukattaus Tapani Kokon luomaa maailmaa. Joulun harsomaalla on vuosittain eri teema, t\u00e4n\u00e4 jouluna teemana on Kissat. Mukana on 16 nykytaiteilijaa ja esill\u00e4 on maalauksia, piirroksia, veistoksia, taidegrafiikkaa ja videoteoksia jouluisen tunnelmallisessa installoinnissa hallaharsoineen ja joulukoristeineen.<\/p>\n<p dir=\"ltr\">Tervetuloa kokemaan t\u00e4m\u00e4 mauahtava kokonaisuus!<\/p>\n<h3 dir=\"ltr\">Taiteilijat<\/h3>\n<p dir=\"ltr\"><strong>Klaus Haapaniemi<\/strong><br \/><strong>Virpi Kanto<\/strong><br \/><strong>Pasi Karjula<\/strong><br \/><strong>Tapani Kokko<\/strong><br \/><strong>Roni Kuulasvuo<\/strong><br \/><strong>Moosa Myllykangas<\/strong><br \/><strong>Ilkka Paajanen<\/strong><br \/><strong>Matti Peltokangas<\/strong><br \/><strong>Timo Peltonen<\/strong><br \/><strong>Tuukka Peltonen<\/strong><br \/><strong>Hannu Riikonen<\/strong><br \/><strong>Esa Riippa<\/strong><br \/><strong>Teemu Saukkonen<\/strong><br \/><strong>Katja Tukiainen<\/strong><br \/><strong>Kari Tykkyl\u00e4inen<\/strong><br \/><strong>Marja-Leena Tykkyl\u00e4inen<\/strong><\/p>\n<p dir=\"ltr\">Joulun harsomaa \u2013 Kissat<br \/>7.12.\u201329.12.2024<br \/>Galleria Himmelblau, Kutomosali 1<br \/>Finlaysoninkuja 9, kerros 3B<br \/>Finlaysonin alue, Tampere<\/p>\n<p dir=\"ltr\">Avoinna: ke\u2013pe 11\u201318, la\u2013su 12\u201316<br \/>Suljettu: ma, ti, 25.12. ja 26.12.<\/p>\n<h3 dir=\"ltr\">Lis\u00e4tietoja<\/h3>\n<p dir=\"ltr\">galleristi Pertti Ketonen<br \/>0500 625 564 \/ <a href=\"mailto:pertti.ketonen@himmelblau.fi\">pertti.ketonen@himmelblau.fi<\/a><\/p>\n<p dir=\"ltr\">\u00a0<\/p>\n\n\n<figure class=\"wp-block-image size-large\"><img loading=\"lazy\" decoding=\"async\" width=\"724\" height=\"1024\" src=\"https:\/\/himmelblau.fi\/wp-content\/uploads\/joulunharsomaa_2024_juliste_vihrea_1-724x1024.jpg\" alt=\"\" class=\"wp-image-4142\" srcset=\"https:\/\/himmelblau.fi\/wp-content\/uploads\/joulunharsomaa_2024_juliste_vihrea_1-724x1024.jpg 724w, https:\/\/himmelblau.fi\/wp-content\/uploads\/joulunharsomaa_2024_juliste_vihrea_1-354x500.jpg 354w, https:\/\/himmelblau.fi\/wp-content\/uploads\/joulunharsomaa_2024_juliste_vihrea_1-768x1086.jpg 768w, https:\/\/himmelblau.fi\/wp-content\/uploads\/joulunharsomaa_2024_juliste_vihrea_1-750x1060.jpg 750w, https:\/\/himmelblau.fi\/wp-content\/uploads\/joulunharsomaa_2024_juliste_vihrea_1-400x566.jpg 400w, https:\/\/himmelblau.fi\/wp-content\/uploads\/joulunharsomaa_2024_juliste_vihrea_1-430x608.jpg 430w, https:\/\/himmelblau.fi\/wp-content\/uploads\/joulunharsomaa_2024_juliste_vihrea_1-150x212.jpg 150w, https:\/\/himmelblau.fi\/wp-content\/uploads\/joulunharsomaa_2024_juliste_vihrea_1-100x141.jpg 100w, https:\/\/himmelblau.fi\/wp-content\/uploads\/joulunharsomaa_2024_juliste_vihrea_1.jpg 800w\" sizes=\"(max-width: 724px) 100vw, 724px\" \/><\/figure>\n","protected":false},"excerpt":{"rendered":"<p>Joulun harsomaasta on tullut jokajouluinen perinne Galleria Himmelblauhun, kuvanveist\u00e4j\u00e4 Tapani Kokon kuratoima n\u00e4yttely toteutetaan jo kuudennen kerran. Rehev\u00e4, mehev\u00e4 ja v\u00e4rik\u00e4s kokonaisuus on esill\u00e4 Kutomosalissa 7.12.\u201329.12. Joulun harsomaa toteutettiin Galleria [&hellip;]<\/p>\n","protected":false},"author":1,"featured_media":4144,"comment_status":"closed","ping_status":"closed","sticky":false,"template":"","format":"standard","meta":{"_acf_changed":false,"_et_pb_use_builder":"","_et_pb_old_content":"","_et_gb_content_width":"","_exactmetrics_skip_tracking":false,"_exactmetrics_sitenote_active":false,"_exactmetrics_sitenote_note":"","_exactmetrics_sitenote_category":0,"footnotes":""},"categories":[7],"tags":[],"class_list":["post-4140","post","type-post","status-publish","format-standard","has-post-thumbnail","hentry","category-uutinen"],"acf":[],"_links":{"self":[{"href":"https:\/\/himmelblau.fi\/en\/wp-json\/wp\/v2\/posts\/4140","targetHints":{"allow":["GET"]}}],"collection":[{"href":"https:\/\/himmelblau.fi\/en\/wp-json\/wp\/v2\/posts"}],"about":[{"href":"https:\/\/himmelblau.fi\/en\/wp-json\/wp\/v2\/types\/post"}],"author":[{"embeddable":true,"href":"https:\/\/himmelblau.fi\/en\/wp-json\/wp\/v2\/users\/1"}],"replies":[{"embeddable":true,"href":"https:\/\/himmelblau.fi\/en\/wp-json\/wp\/v2\/comments?post=4140"}],"version-history":[{"count":2,"href":"https:\/\/himmelblau.fi\/en\/wp-json\/wp\/v2\/posts\/4140\/revisions"}],"predecessor-version":[{"id":4146,"href":"https:\/\/himmelblau.fi\/en\/wp-json\/wp\/v2\/posts\/4140\/revisions\/4146"}],"wp:featuredmedia":[{"embeddable":true,"href":"https:\/\/himmelblau.fi\/en\/wp-json\/wp\/v2\/media\/4144"}],"wp:attachment":[{"href":"https:\/\/himmelblau.fi\/en\/wp-json\/wp\/v2\/media?parent=4140"}],"wp:term":[{"taxonomy":"category","embeddable":true,"href":"https:\/\/himmelblau.fi\/en\/wp-json\/wp\/v2\/categories?post=4140"},{"taxonomy":"post_tag","embeddable":true,"href":"https:\/\/himmelblau.fi\/en\/wp-json\/wp\/v2\/tags?post=4140"}],"curies":[{"name":"wp","href":"https:\/\/api.w.org\/{rel}","templated":true}]}}