{"id":4169,"date":"2025-01-14T16:16:10","date_gmt":"2025-01-14T14:16:10","guid":{"rendered":"https:\/\/himmelblau.fi\/?p=4169"},"modified":"2025-01-14T16:17:02","modified_gmt":"2025-01-14T14:17:02","slug":"taiteilijakirjatapahtuma-galleria-himmelblaussa-su-19-1-2025-klo-14-ulla-maija-alanen-veden-horisontit","status":"publish","type":"post","link":"https:\/\/himmelblau.fi\/en\/taiteilijakirjatapahtuma-galleria-himmelblaussa-su-19-1-2025-klo-14-ulla-maija-alanen-veden-horisontit\/","title":{"rendered":"Taiteilijakirjatapahtuma Galleria Himmelblaussa su 19.1.2025 klo 14 | Ulla-Maija Alanen \u2013 Veden horisontit"},"content":{"rendered":"<div class=\"gmail_quote gmail_quote_container\">\n<div dir=\"ltr\">\n<p dir=\"ltr\">&#8220;Taiteilijakirjatapahtumassa kerron kirjanteon prosessista, ideasta valmiiseen kirjaan, ja vastaan kysymyksiin. Kirja on esill\u00e4 ja myynniss\u00e4 Galleria Himmelblaussa samannimisess\u00e4 n\u00e4yttelyss\u00e4ni. Samasta nimest\u00e4\u00e4n huolimatta kirja ei ole n\u00e4yttelykatalogi, vaan se k\u00e4tkee kansiensa v\u00e4liin 15 vuoden aikana tekem\u00e4ni ty\u00f6n mets\u00e4j\u00e4rvien pinnan alla. Johdatan kuvillani ja kirjoituksillani kirjan vastaanottajan vedenalaiseen maailmaani, joka on t\u00e4h\u00e4n asti ollut minulle liian intiimi ja henkil\u00f6kohtainen jaettavaksi.<\/p>\n<p dir=\"ltr\">Taiteilijakirja on kirjan muotoinen taideteos, jonka arkkitehtoninen ja sis\u00e4ll\u00f6llinen rakenne tukevat toisiaan. Kirjassa on paljon kuvia, joita ei ole n\u00e4ht\u00e4viss\u00e4 miss\u00e4\u00e4n muualla. Kirjan aukeama on erilainen tila kuin arkkitehtoninen tila \u2013 jotkut kuvista sopivat vain kirjaan, toiset sein\u00e4lle ripustettaviksi teoksiksi.<\/p>\n<p dir=\"ltr\">Olen tehnyt kirjan yhdess\u00e4 graafikko Ilona Ilotun ja kuvank\u00e4sittelij\u00e4-valokuvataiteilija Petri Kuokan kanssa. Yhteisty\u00f6mme oli saumatonta ja toinen toistemme luovuutta ruokkivaa. Kirjaan ovat lis\u00e4kseni kirjoittaneet dosentti Susanna Pettersson ja arkkitehti, professori Juhani Pallasmaa.\u201d<\/p>\n<p dir=\"ltr\">\u2013 Ulla-Maija Alanen<b><\/b><\/p>\n<p dir=\"ltr\">Kesto on noin 1,5 tuntia, mutta taiteilija voi olla paikalla pidemp\u00e4\u00e4nkin vastaamassa mahdollisiin kysymyksiin. Tilaisuuteen on vapaa p\u00e4\u00e4sy. L\u00e4mpim\u00e4sti tervetuloa kuuntelemaan ja tapaamaan Ulla-Maija Alasta ja katsomaan upea n\u00e4yttely Veden horisontit!<\/p>\n<p dir=\"ltr\">Galleria Himmelblau<br \/>\nFinlaysoninkuja 9<br \/>\nkerros 2B, toinen sali<br \/>\nFinlaysonin alue, Tampere<\/p>\n<p>Lis\u00e4tietoja:<br \/>\ntaiteilija Ulla-Maija Alanen<br \/>\n050 439 4546 \/\u00a0<a href=\"mailto:ulla-maija.alanen@hotmail.com\" target=\"_blank\" rel=\"noopener\">ulla-maija.alanen@hotmail.com<\/a><br \/>\n<a href=\"http:\/\/www.alanenart.net\/\" target=\"_blank\" rel=\"noopener\">www.alanenart.net<\/a><\/p>\n<\/div>\n<\/div>\n<div><img loading=\"lazy\" decoding=\"async\" class=\"alignnone size-full wp-image-4170\" src=\"https:\/\/himmelblau.fi\/wp-content\/uploads\/kirja-etukansi-LR-insta-1080x1080-1.jpg\" alt=\"\" width=\"1080\" height=\"1080\" srcset=\"https:\/\/himmelblau.fi\/wp-content\/uploads\/kirja-etukansi-LR-insta-1080x1080-1.jpg 1080w, https:\/\/himmelblau.fi\/wp-content\/uploads\/kirja-etukansi-LR-insta-1080x1080-1-500x500.jpg 500w, https:\/\/himmelblau.fi\/wp-content\/uploads\/kirja-etukansi-LR-insta-1080x1080-1-1024x1024.jpg 1024w, https:\/\/himmelblau.fi\/wp-content\/uploads\/kirja-etukansi-LR-insta-1080x1080-1-120x120.jpg 120w, https:\/\/himmelblau.fi\/wp-content\/uploads\/kirja-etukansi-LR-insta-1080x1080-1-768x768.jpg 768w, https:\/\/himmelblau.fi\/wp-content\/uploads\/kirja-etukansi-LR-insta-1080x1080-1-750x750.jpg 750w, https:\/\/himmelblau.fi\/wp-content\/uploads\/kirja-etukansi-LR-insta-1080x1080-1-400x400.jpg 400w, https:\/\/himmelblau.fi\/wp-content\/uploads\/kirja-etukansi-LR-insta-1080x1080-1-430x430.jpg 430w, https:\/\/himmelblau.fi\/wp-content\/uploads\/kirja-etukansi-LR-insta-1080x1080-1-150x150.jpg 150w, https:\/\/himmelblau.fi\/wp-content\/uploads\/kirja-etukansi-LR-insta-1080x1080-1-100x100.jpg 100w\" sizes=\"(max-width: 1080px) 100vw, 1080px\" \/><\/div>\n","protected":false},"excerpt":{"rendered":"<p>&#8220;Taiteilijakirjatapahtumassa kerron kirjanteon prosessista, ideasta valmiiseen kirjaan, ja vastaan kysymyksiin. Kirja on esill\u00e4 ja myynniss\u00e4 Galleria Himmelblaussa samannimisess\u00e4 n\u00e4yttelyss\u00e4ni. Samasta nimest\u00e4\u00e4n huolimatta kirja ei ole n\u00e4yttelykatalogi, vaan se k\u00e4tkee kansiensa [&hellip;]<\/p>\n","protected":false},"author":1,"featured_media":4172,"comment_status":"closed","ping_status":"closed","sticky":false,"template":"","format":"standard","meta":{"_acf_changed":false,"_et_pb_use_builder":"","_et_pb_old_content":"","_et_gb_content_width":"","_exactmetrics_skip_tracking":false,"_exactmetrics_sitenote_active":false,"_exactmetrics_sitenote_note":"","_exactmetrics_sitenote_category":0,"footnotes":""},"categories":[7],"tags":[],"class_list":["post-4169","post","type-post","status-publish","format-standard","has-post-thumbnail","hentry","category-uutinen"],"acf":[],"_links":{"self":[{"href":"https:\/\/himmelblau.fi\/en\/wp-json\/wp\/v2\/posts\/4169","targetHints":{"allow":["GET"]}}],"collection":[{"href":"https:\/\/himmelblau.fi\/en\/wp-json\/wp\/v2\/posts"}],"about":[{"href":"https:\/\/himmelblau.fi\/en\/wp-json\/wp\/v2\/types\/post"}],"author":[{"embeddable":true,"href":"https:\/\/himmelblau.fi\/en\/wp-json\/wp\/v2\/users\/1"}],"replies":[{"embeddable":true,"href":"https:\/\/himmelblau.fi\/en\/wp-json\/wp\/v2\/comments?post=4169"}],"version-history":[{"count":1,"href":"https:\/\/himmelblau.fi\/en\/wp-json\/wp\/v2\/posts\/4169\/revisions"}],"predecessor-version":[{"id":4174,"href":"https:\/\/himmelblau.fi\/en\/wp-json\/wp\/v2\/posts\/4169\/revisions\/4174"}],"wp:featuredmedia":[{"embeddable":true,"href":"https:\/\/himmelblau.fi\/en\/wp-json\/wp\/v2\/media\/4172"}],"wp:attachment":[{"href":"https:\/\/himmelblau.fi\/en\/wp-json\/wp\/v2\/media?parent=4169"}],"wp:term":[{"taxonomy":"category","embeddable":true,"href":"https:\/\/himmelblau.fi\/en\/wp-json\/wp\/v2\/categories?post=4169"},{"taxonomy":"post_tag","embeddable":true,"href":"https:\/\/himmelblau.fi\/en\/wp-json\/wp\/v2\/tags?post=4169"}],"curies":[{"name":"wp","href":"https:\/\/api.w.org\/{rel}","templated":true}]}}